{"id":15612,"date":"2025-04-06T21:54:31","date_gmt":"2025-04-06T19:54:31","guid":{"rendered":"https:\/\/wgphoto.pl\/t\/?p=15612"},"modified":"2025-04-06T21:54:31","modified_gmt":"2025-04-06T19:54:31","slug":"sierpien-2005","status":"publish","type":"post","link":"https:\/\/wgphoto.pl\/t\/?p=15612","title":{"rendered":"Sierpie\u0144 2005"},"content":{"rendered":"\n<figure class=\"wp-block-image aligncenter size-full\"><img loading=\"lazy\" decoding=\"async\" width=\"1200\" height=\"800\" src=\"https:\/\/wgphoto.pl\/t\/wp-content\/uploads\/2025\/04\/0524-04.jpg\" alt=\"\" class=\"wp-image-15613\" srcset=\"https:\/\/wgphoto.pl\/t\/wp-content\/uploads\/2025\/04\/0524-04.jpg 1200w, https:\/\/wgphoto.pl\/t\/wp-content\/uploads\/2025\/04\/0524-04-300x200.jpg 300w, https:\/\/wgphoto.pl\/t\/wp-content\/uploads\/2025\/04\/0524-04-768x512.jpg 768w\" sizes=\"auto, (max-width: 1200px) 100vw, 1200px\" \/><\/figure>\n\n\n\n<div class=\"wp-block-group has-global-padding is-layout-constrained wp-block-group-is-layout-constrained\">\n<p>Na latarniach wzd\u0142u\u017c ul. Grabiszy\u0144skiej zawis\u0142y po trzy flagi: Polski, Wroc\u0142awia oraz Solidarno\u015bci &#8211; z okazji obchod\u00f3w 25-lecia wydarze\u0144 Sierpnia &#8217;80 we Wroc\u0142awiu. 26.08.2005<\/p>\n<\/div>\n","protected":false},"excerpt":{"rendered":"<p>Na latarniach wzd\u0142u\u017c ul. Grabiszy\u0144skiej zawis\u0142y po trzy flagi: Polski, Wroc\u0142awia oraz Solidarno\u015bci &#8211; z okazji obchod\u00f3w 25-lecia wydarze\u0144 Sierpnia &#8217;80 we Wroc\u0142awiu. 26.08.2005<\/p>\n","protected":false},"author":1,"featured_media":15613,"comment_status":"open","ping_status":"","sticky":false,"template":"","format":"standard","meta":{"footnotes":""},"categories":[62,311,3],"tags":[3584,494,309,42,27,41],"class_list":["post-15612","post","type-post","status-publish","format-standard","has-post-thumbnail","hentry","category-analog","category-rok-2005","category-tramwaj","tag-2005-08-26","tag-flaga","tag-konstal-102na","tag-mpk-wroclaw","tag-polska","tag-wroclaw"],"_links":{"self":[{"href":"https:\/\/wgphoto.pl\/t\/index.php?rest_route=\/wp\/v2\/posts\/15612","targetHints":{"allow":["GET"]}}],"collection":[{"href":"https:\/\/wgphoto.pl\/t\/index.php?rest_route=\/wp\/v2\/posts"}],"about":[{"href":"https:\/\/wgphoto.pl\/t\/index.php?rest_route=\/wp\/v2\/types\/post"}],"author":[{"embeddable":true,"href":"https:\/\/wgphoto.pl\/t\/index.php?rest_route=\/wp\/v2\/users\/1"}],"replies":[{"embeddable":true,"href":"https:\/\/wgphoto.pl\/t\/index.php?rest_route=%2Fwp%2Fv2%2Fcomments&post=15612"}],"version-history":[{"count":1,"href":"https:\/\/wgphoto.pl\/t\/index.php?rest_route=\/wp\/v2\/posts\/15612\/revisions"}],"predecessor-version":[{"id":15614,"href":"https:\/\/wgphoto.pl\/t\/index.php?rest_route=\/wp\/v2\/posts\/15612\/revisions\/15614"}],"wp:featuredmedia":[{"embeddable":true,"href":"https:\/\/wgphoto.pl\/t\/index.php?rest_route=\/wp\/v2\/media\/15613"}],"wp:attachment":[{"href":"https:\/\/wgphoto.pl\/t\/index.php?rest_route=%2Fwp%2Fv2%2Fmedia&parent=15612"}],"wp:term":[{"taxonomy":"category","embeddable":true,"href":"https:\/\/wgphoto.pl\/t\/index.php?rest_route=%2Fwp%2Fv2%2Fcategories&post=15612"},{"taxonomy":"post_tag","embeddable":true,"href":"https:\/\/wgphoto.pl\/t\/index.php?rest_route=%2Fwp%2Fv2%2Ftags&post=15612"}],"curies":[{"name":"wp","href":"https:\/\/api.w.org\/{rel}","templated":true}]}}