{"id":15615,"date":"2025-04-06T21:55:34","date_gmt":"2025-04-06T19:55:34","guid":{"rendered":"https:\/\/wgphoto.pl\/t\/?p=15615"},"modified":"2025-04-06T21:55:34","modified_gmt":"2025-04-06T19:55:34","slug":"tego-przystanku-nie-obslugujemy-3","status":"publish","type":"post","link":"https:\/\/wgphoto.pl\/t\/?p=15615","title":{"rendered":"Tego przystanku nie obs\u0142ugujemy"},"content":{"rendered":"\n<figure class=\"wp-block-image aligncenter size-full\"><img loading=\"lazy\" decoding=\"async\" width=\"1200\" height=\"800\" src=\"https:\/\/wgphoto.pl\/t\/wp-content\/uploads\/2025\/04\/0333-25.jpg\" alt=\"\" class=\"wp-image-15616\" srcset=\"https:\/\/wgphoto.pl\/t\/wp-content\/uploads\/2025\/04\/0333-25.jpg 1200w, https:\/\/wgphoto.pl\/t\/wp-content\/uploads\/2025\/04\/0333-25-300x200.jpg 300w, https:\/\/wgphoto.pl\/t\/wp-content\/uploads\/2025\/04\/0333-25-768x512.jpg 768w\" sizes=\"auto, (max-width: 1200px) 100vw, 1200px\" \/><\/figure>\n\n\n\n<div class=\"wp-block-group has-global-padding is-layout-constrained wp-block-group-is-layout-constrained\">\n<p>P\u0119tla S\u0119polno, godz. 4:45. Ostatni nocny tramwaj (brygada 34\/3 jako linia 32) za chwil\u0119 wyruszy w ostatni pe\u0142ny kurs do Parku Po\u0142udniowego. S\u0142upek przystankowy ju\u017c zosta\u0142 zaktualizowany i nie przewiduje istnienia tramwaj\u00f3w nocnych. 01.09.2003<\/p>\n<\/div>\n","protected":false},"excerpt":{"rendered":"<p>P\u0119tla S\u0119polno, godz. 4:45. Ostatni nocny tramwaj (brygada 34\/3 jako linia 32) za chwil\u0119 wyruszy w ostatni pe\u0142ny kurs do Parku Po\u0142udniowego. S\u0142upek przystankowy ju\u017c zosta\u0142 zaktualizowany i nie przewiduje istnienia tramwaj\u00f3w nocnych. 01.09.2003<\/p>\n","protected":false},"author":1,"featured_media":15616,"comment_status":"open","ping_status":"","sticky":false,"template":"","format":"standard","meta":{"footnotes":""},"categories":[62,149,3],"tags":[2507,309,42,154,27,41,846],"class_list":["post-15615","post","type-post","status-publish","format-standard","has-post-thumbnail","hentry","category-analog","category-rok-2003","category-tramwaj","tag-2003-09-01","tag-konstal-102na","tag-mpk-wroclaw","tag-noc","tag-polska","tag-wroclaw","tag-wroclawskie-linie-nocne"],"_links":{"self":[{"href":"https:\/\/wgphoto.pl\/t\/index.php?rest_route=\/wp\/v2\/posts\/15615","targetHints":{"allow":["GET"]}}],"collection":[{"href":"https:\/\/wgphoto.pl\/t\/index.php?rest_route=\/wp\/v2\/posts"}],"about":[{"href":"https:\/\/wgphoto.pl\/t\/index.php?rest_route=\/wp\/v2\/types\/post"}],"author":[{"embeddable":true,"href":"https:\/\/wgphoto.pl\/t\/index.php?rest_route=\/wp\/v2\/users\/1"}],"replies":[{"embeddable":true,"href":"https:\/\/wgphoto.pl\/t\/index.php?rest_route=%2Fwp%2Fv2%2Fcomments&post=15615"}],"version-history":[{"count":1,"href":"https:\/\/wgphoto.pl\/t\/index.php?rest_route=\/wp\/v2\/posts\/15615\/revisions"}],"predecessor-version":[{"id":15617,"href":"https:\/\/wgphoto.pl\/t\/index.php?rest_route=\/wp\/v2\/posts\/15615\/revisions\/15617"}],"wp:featuredmedia":[{"embeddable":true,"href":"https:\/\/wgphoto.pl\/t\/index.php?rest_route=\/wp\/v2\/media\/15616"}],"wp:attachment":[{"href":"https:\/\/wgphoto.pl\/t\/index.php?rest_route=%2Fwp%2Fv2%2Fmedia&parent=15615"}],"wp:term":[{"taxonomy":"category","embeddable":true,"href":"https:\/\/wgphoto.pl\/t\/index.php?rest_route=%2Fwp%2Fv2%2Fcategories&post=15615"},{"taxonomy":"post_tag","embeddable":true,"href":"https:\/\/wgphoto.pl\/t\/index.php?rest_route=%2Fwp%2Fv2%2Ftags&post=15615"}],"curies":[{"name":"wp","href":"https:\/\/api.w.org\/{rel}","templated":true}]}}