{"id":15621,"date":"2025-04-06T21:57:33","date_gmt":"2025-04-06T19:57:33","guid":{"rendered":"https:\/\/wgphoto.pl\/t\/?p=15621"},"modified":"2025-04-06T21:57:48","modified_gmt":"2025-04-06T19:57:48","slug":"koniec-wakacji","status":"publish","type":"post","link":"https:\/\/wgphoto.pl\/t\/?p=15621","title":{"rendered":"Koniec wakacji"},"content":{"rendered":"\n<figure class=\"wp-block-image aligncenter size-full\"><img loading=\"lazy\" decoding=\"async\" width=\"1200\" height=\"800\" src=\"https:\/\/wgphoto.pl\/t\/wp-content\/uploads\/2025\/04\/2002u-15.jpg\" alt=\"\" class=\"wp-image-15622\" srcset=\"https:\/\/wgphoto.pl\/t\/wp-content\/uploads\/2025\/04\/2002u-15.jpg 1200w, https:\/\/wgphoto.pl\/t\/wp-content\/uploads\/2025\/04\/2002u-15-300x200.jpg 300w, https:\/\/wgphoto.pl\/t\/wp-content\/uploads\/2025\/04\/2002u-15-768x512.jpg 768w\" sizes=\"auto, (max-width: 1200px) 100vw, 1200px\" \/><\/figure>\n\n\n\n<div class=\"wp-block-group has-global-padding is-layout-constrained wp-block-group-is-layout-constrained\">\n<p>Foto z czas\u00f3w, gdy poprawno\u015b\u0107 kadru by\u0142a loteri\u0105, a koniec sierpnia oznacza\u0142 powr\u00f3t do szko\u0142y. ST43-328 z poc. osob. 46123 rel. K\u0119dzierzyn Ko\u017ale &#8211; Dzier\u017coni\u00f3w \u015al. wje\u017cd\u017ca na stacj\u0119 Nowy \u015awi\u0119t\u00f3w. 31.08.2002<\/p>\n<\/div>\n","protected":false},"excerpt":{"rendered":"<p>Foto z czas\u00f3w, gdy poprawno\u015b\u0107 kadru by\u0142a loteri\u0105, a koniec sierpnia oznacza\u0142 powr\u00f3t do szko\u0142y. ST43-328 z poc. osob. 46123 rel. K\u0119dzierzyn Ko\u017ale &#8211; Dzier\u017coni\u00f3w \u015al. wje\u017cd\u017ca na stacj\u0119 Nowy \u015awi\u0119t\u00f3w. 31.08.2002<\/p>\n","protected":false},"author":1,"featured_media":15622,"comment_status":"open","ping_status":"","sticky":false,"template":"","format":"standard","meta":{"footnotes":""},"categories":[62,2,577],"tags":[1235,288,320,63,27,64,53,319],"class_list":["post-15621","post","type-post","status-publish","format-standard","has-post-thumbnail","hentry","category-analog","category-kolej","category-rok-2002","tag-2002-08-31","tag-bipa","tag-nowy-swietow","tag-pkp","tag-polska","tag-st43","tag-sygnalizacja-ksztaltowa","tag-tab-pl235"],"_links":{"self":[{"href":"https:\/\/wgphoto.pl\/t\/index.php?rest_route=\/wp\/v2\/posts\/15621","targetHints":{"allow":["GET"]}}],"collection":[{"href":"https:\/\/wgphoto.pl\/t\/index.php?rest_route=\/wp\/v2\/posts"}],"about":[{"href":"https:\/\/wgphoto.pl\/t\/index.php?rest_route=\/wp\/v2\/types\/post"}],"author":[{"embeddable":true,"href":"https:\/\/wgphoto.pl\/t\/index.php?rest_route=\/wp\/v2\/users\/1"}],"replies":[{"embeddable":true,"href":"https:\/\/wgphoto.pl\/t\/index.php?rest_route=%2Fwp%2Fv2%2Fcomments&post=15621"}],"version-history":[{"count":1,"href":"https:\/\/wgphoto.pl\/t\/index.php?rest_route=\/wp\/v2\/posts\/15621\/revisions"}],"predecessor-version":[{"id":15623,"href":"https:\/\/wgphoto.pl\/t\/index.php?rest_route=\/wp\/v2\/posts\/15621\/revisions\/15623"}],"wp:featuredmedia":[{"embeddable":true,"href":"https:\/\/wgphoto.pl\/t\/index.php?rest_route=\/wp\/v2\/media\/15622"}],"wp:attachment":[{"href":"https:\/\/wgphoto.pl\/t\/index.php?rest_route=%2Fwp%2Fv2%2Fmedia&parent=15621"}],"wp:term":[{"taxonomy":"category","embeddable":true,"href":"https:\/\/wgphoto.pl\/t\/index.php?rest_route=%2Fwp%2Fv2%2Fcategories&post=15621"},{"taxonomy":"post_tag","embeddable":true,"href":"https:\/\/wgphoto.pl\/t\/index.php?rest_route=%2Fwp%2Fv2%2Ftags&post=15621"}],"curies":[{"name":"wp","href":"https:\/\/api.w.org\/{rel}","templated":true}]}}