{"id":15630,"date":"2025-04-06T22:00:45","date_gmt":"2025-04-06T20:00:45","guid":{"rendered":"https:\/\/wgphoto.pl\/t\/?p=15630"},"modified":"2025-04-06T22:00:45","modified_gmt":"2025-04-06T20:00:45","slug":"konca-nie-widac-3","status":"publish","type":"post","link":"https:\/\/wgphoto.pl\/t\/?p=15630","title":{"rendered":"Ko\u0144ca nie wida\u0107"},"content":{"rendered":"\n<figure class=\"wp-block-image aligncenter size-full\"><img loading=\"lazy\" decoding=\"async\" width=\"1200\" height=\"803\" src=\"https:\/\/wgphoto.pl\/t\/wp-content\/uploads\/2025\/04\/IMGP7200.jpg\" alt=\"\" class=\"wp-image-15631\" srcset=\"https:\/\/wgphoto.pl\/t\/wp-content\/uploads\/2025\/04\/IMGP7200.jpg 1200w, https:\/\/wgphoto.pl\/t\/wp-content\/uploads\/2025\/04\/IMGP7200-300x201.jpg 300w, https:\/\/wgphoto.pl\/t\/wp-content\/uploads\/2025\/04\/IMGP7200-768x514.jpg 768w\" sizes=\"auto, (max-width: 1200px) 100vw, 1200px\" \/><\/figure>\n\n\n\n<div class=\"wp-block-group has-global-padding is-layout-constrained wp-block-group-is-layout-constrained\">\n<p>Milotice nad Opavou to stacja po\u0142o\u017cona w lesie, jakie\u015b 1,5 km od najbli\u017cszej cywilizacji. Motorak 810 192-5, przyby\u0142y jako poc. 13515 z Vrbna pod Prad\u011bdem, skomunikuje si\u0119 tutaj z poci\u0105gami jad\u0105cymi w obu kierunkach &#8222;g\u0142\u00f3wn\u0105&#8221; lini\u0105 O\u0142omuniec &#8211; Opawa. Ca\u0142a akcja rozk\u0142adowo trwa 9 minut. W tym czasie widoczny pojazd wysadza nieko\u0144cz\u0105cy si\u0119 sznurek pasa\u017cer\u00f3w przywiezionych spod Pradziada, sk\u0142ady na linii umownie &#8222;g\u0142\u00f3wnej&#8221; krzy\u017cuj\u0105 si\u0119 i motorak natychmiast zabiera nast\u0119pnych ch\u0119tnych na wycieczk\u0119 w g\u00f3ry. Szybko, sprawnie, bez zb\u0119dnych przestoj\u00f3w. I na stacji zn\u00f3w zapanuje cisza &#8211; na kolejne dwie godziny bez dziewi\u0119ciu minut. I tak si\u0119 spokojnie \u017cyje na tej wsi. 18.07.2009<\/p>\n<\/div>\n","protected":false},"excerpt":{"rendered":"<p>Milotice nad Opavou to stacja po\u0142o\u017cona w lesie, jakie\u015b 1,5 km od najbli\u017cszej cywilizacji. Motorak 810 192-5, przyby\u0142y jako poc. 13515 z Vrbna pod Prad\u011bdem, skomunikuje si\u0119 tutaj z poci\u0105gami jad\u0105cymi w obu kierunkach &#8222;g\u0142\u00f3wn\u0105&#8221; lini\u0105 O\u0142omuniec &#8211; Opawa. Ca\u0142a akcja rozk\u0142adowo trwa 9 minut. W tym czasie widoczny pojazd wysadza nieko\u0144cz\u0105cy si\u0119 sznurek pasa\u017cer\u00f3w [&hellip;]<\/p>\n","protected":false},"author":1,"featured_media":15631,"comment_status":"open","ping_status":"","sticky":false,"template":"","format":"standard","meta":{"footnotes":""},"categories":[2,169],"tags":[620,92,50,49,196,151,3618,1141,3619],"class_list":["post-15630","post","type-post","status-publish","format-standard","has-post-thumbnail","hentry","category-kolej","category-rok-2009","tag-2009-07-18","tag-92","tag-cd","tag-czechy","tag-linie-raczej-lokalne","tag-ludzie","tag-milotice-nad-opavou","tag-tab-cz310","tag-tab-cz313"],"_links":{"self":[{"href":"https:\/\/wgphoto.pl\/t\/index.php?rest_route=\/wp\/v2\/posts\/15630","targetHints":{"allow":["GET"]}}],"collection":[{"href":"https:\/\/wgphoto.pl\/t\/index.php?rest_route=\/wp\/v2\/posts"}],"about":[{"href":"https:\/\/wgphoto.pl\/t\/index.php?rest_route=\/wp\/v2\/types\/post"}],"author":[{"embeddable":true,"href":"https:\/\/wgphoto.pl\/t\/index.php?rest_route=\/wp\/v2\/users\/1"}],"replies":[{"embeddable":true,"href":"https:\/\/wgphoto.pl\/t\/index.php?rest_route=%2Fwp%2Fv2%2Fcomments&post=15630"}],"version-history":[{"count":1,"href":"https:\/\/wgphoto.pl\/t\/index.php?rest_route=\/wp\/v2\/posts\/15630\/revisions"}],"predecessor-version":[{"id":15632,"href":"https:\/\/wgphoto.pl\/t\/index.php?rest_route=\/wp\/v2\/posts\/15630\/revisions\/15632"}],"wp:featuredmedia":[{"embeddable":true,"href":"https:\/\/wgphoto.pl\/t\/index.php?rest_route=\/wp\/v2\/media\/15631"}],"wp:attachment":[{"href":"https:\/\/wgphoto.pl\/t\/index.php?rest_route=%2Fwp%2Fv2%2Fmedia&parent=15630"}],"wp:term":[{"taxonomy":"category","embeddable":true,"href":"https:\/\/wgphoto.pl\/t\/index.php?rest_route=%2Fwp%2Fv2%2Fcategories&post=15630"},{"taxonomy":"post_tag","embeddable":true,"href":"https:\/\/wgphoto.pl\/t\/index.php?rest_route=%2Fwp%2Fv2%2Ftags&post=15630"}],"curies":[{"name":"wp","href":"https:\/\/api.w.org\/{rel}","templated":true}]}}