{"id":15633,"date":"2025-04-06T22:02:00","date_gmt":"2025-04-06T20:02:00","guid":{"rendered":"https:\/\/wgphoto.pl\/t\/?p=15633"},"modified":"2025-04-06T22:02:00","modified_gmt":"2025-04-06T20:02:00","slug":"na-czarna-godzine","status":"publish","type":"post","link":"https:\/\/wgphoto.pl\/t\/?p=15633","title":{"rendered":"Na czarn\u0105 godzin\u0119"},"content":{"rendered":"\n<figure class=\"wp-block-image aligncenter size-full\"><img loading=\"lazy\" decoding=\"async\" width=\"1200\" height=\"803\" src=\"https:\/\/wgphoto.pl\/t\/wp-content\/uploads\/2025\/04\/IMGP7192.jpg\" alt=\"\" class=\"wp-image-15634\" srcset=\"https:\/\/wgphoto.pl\/t\/wp-content\/uploads\/2025\/04\/IMGP7192.jpg 1200w, https:\/\/wgphoto.pl\/t\/wp-content\/uploads\/2025\/04\/IMGP7192-300x201.jpg 300w, https:\/\/wgphoto.pl\/t\/wp-content\/uploads\/2025\/04\/IMGP7192-768x514.jpg 768w\" sizes=\"auto, (max-width: 1200px) 100vw, 1200px\" \/><\/figure>\n\n\n\n<div class=\"wp-block-group has-global-padding is-layout-constrained wp-block-group-is-layout-constrained\">\n<p>Vrbno pod Prad\u011bdem, po\u0142o\u017cone na wysoko\u015bci 525 m n.p.m., jest ko\u0144cow\u0105 stacj\u0105 20-kilometrowej lokalki z Milotic nad Opavou (po\u0142\u0105czenie z lini\u0105 Krnov &#8211; Olomouc). Obs\u0142uguje j\u0105 prywaciarz OKD Doprava przy u\u017cyciu pojazdu serii 810 wypo\u017cyczanego od Czeskich Drah (w\u00f3wczas by\u0142 to egzemplarz o numerze 192). Kto\u015b kiedy\u015b na TWB zastanawia\u0142 si\u0119, co si\u0119 dzieje, gdy ten jedyny motorak padnie. Ot\u00f3\u017c, jak s\u0105dz\u0119, w obieg wchodzi wtedy trzymany na czarn\u0105 godzin\u0119 na samym ko\u0144cu trasy, widoczny w tle, zestaw prywatnej lokomotywy serii 742 oraz, r\u00f3wnie\u017c wypo\u017cyczanej od \u010cD, doczepki serii 010. 18.07.2009<\/p>\n<\/div>\n","protected":false},"excerpt":{"rendered":"<p>Vrbno pod Prad\u011bdem, po\u0142o\u017cone na wysoko\u015bci 525 m n.p.m., jest ko\u0144cow\u0105 stacj\u0105 20-kilometrowej lokalki z Milotic nad Opavou (po\u0142\u0105czenie z lini\u0105 Krnov &#8211; Olomouc). Obs\u0142uguje j\u0105 prywaciarz OKD Doprava przy u\u017cyciu pojazdu serii 810 wypo\u017cyczanego od Czeskich Drah (w\u00f3wczas by\u0142 to egzemplarz o numerze 192). Kto\u015b kiedy\u015b na TWB zastanawia\u0142 si\u0119, co si\u0119 dzieje, gdy [&hellip;]<\/p>\n","protected":false},"author":1,"featured_media":15634,"comment_status":"open","ping_status":"","sticky":false,"template":"","format":"standard","meta":{"footnotes":""},"categories":[2,169],"tags":[620,92,50,49,94,3619,3621],"class_list":["post-15633","post","type-post","status-publish","format-standard","has-post-thumbnail","hentry","category-kolej","category-rok-2009","tag-2009-07-18","tag-92","tag-cd","tag-czechy","tag-na-kolejowym-koncu-swiata","tag-tab-cz313","tag-vrbno-pod-pradedem"],"_links":{"self":[{"href":"https:\/\/wgphoto.pl\/t\/index.php?rest_route=\/wp\/v2\/posts\/15633","targetHints":{"allow":["GET"]}}],"collection":[{"href":"https:\/\/wgphoto.pl\/t\/index.php?rest_route=\/wp\/v2\/posts"}],"about":[{"href":"https:\/\/wgphoto.pl\/t\/index.php?rest_route=\/wp\/v2\/types\/post"}],"author":[{"embeddable":true,"href":"https:\/\/wgphoto.pl\/t\/index.php?rest_route=\/wp\/v2\/users\/1"}],"replies":[{"embeddable":true,"href":"https:\/\/wgphoto.pl\/t\/index.php?rest_route=%2Fwp%2Fv2%2Fcomments&post=15633"}],"version-history":[{"count":1,"href":"https:\/\/wgphoto.pl\/t\/index.php?rest_route=\/wp\/v2\/posts\/15633\/revisions"}],"predecessor-version":[{"id":15635,"href":"https:\/\/wgphoto.pl\/t\/index.php?rest_route=\/wp\/v2\/posts\/15633\/revisions\/15635"}],"wp:featuredmedia":[{"embeddable":true,"href":"https:\/\/wgphoto.pl\/t\/index.php?rest_route=\/wp\/v2\/media\/15634"}],"wp:attachment":[{"href":"https:\/\/wgphoto.pl\/t\/index.php?rest_route=%2Fwp%2Fv2%2Fmedia&parent=15633"}],"wp:term":[{"taxonomy":"category","embeddable":true,"href":"https:\/\/wgphoto.pl\/t\/index.php?rest_route=%2Fwp%2Fv2%2Fcategories&post=15633"},{"taxonomy":"post_tag","embeddable":true,"href":"https:\/\/wgphoto.pl\/t\/index.php?rest_route=%2Fwp%2Fv2%2Ftags&post=15633"}],"curies":[{"name":"wp","href":"https:\/\/api.w.org\/{rel}","templated":true}]}}