{"id":15639,"date":"2025-04-06T22:04:18","date_gmt":"2025-04-06T20:04:18","guid":{"rendered":"https:\/\/wgphoto.pl\/t\/?p=15639"},"modified":"2025-04-06T22:04:18","modified_gmt":"2025-04-06T20:04:18","slug":"czterdziestolatki","status":"publish","type":"post","link":"https:\/\/wgphoto.pl\/t\/?p=15639","title":{"rendered":"Czterdziestolatki"},"content":{"rendered":"\n<figure class=\"wp-block-image aligncenter size-full\"><img loading=\"lazy\" decoding=\"async\" width=\"1200\" height=\"803\" src=\"https:\/\/wgphoto.pl\/t\/wp-content\/uploads\/2025\/04\/IMGP7809.jpg\" alt=\"\" class=\"wp-image-15640\" srcset=\"https:\/\/wgphoto.pl\/t\/wp-content\/uploads\/2025\/04\/IMGP7809.jpg 1200w, https:\/\/wgphoto.pl\/t\/wp-content\/uploads\/2025\/04\/IMGP7809-300x201.jpg 300w, https:\/\/wgphoto.pl\/t\/wp-content\/uploads\/2025\/04\/IMGP7809-768x514.jpg 768w\" sizes=\"auto, (max-width: 1200px) 100vw, 1200px\" \/><\/figure>\n\n\n\n<div class=\"wp-block-group has-global-padding is-layout-constrained wp-block-group-is-layout-constrained\">\n<p>Podw\u00f3jne &#8222;retro&#8221; na stacji Olomouc hl.n. Oba pojazdy wyprodukowano w 1968 roku i dzi\u015b ju\u017c nie pe\u0142ni\u0105 s\u0142u\u017cby liniowej. Jeden z nich pojedzie jako wieczorny poc. 13713 do Uni\u010dova, a drugi, z numerem 3549, do Hrub\u00e9 Vody. A ja sp\u0119dz\u0119 noc na dworcowej \u0142awce. 2009-07-22<\/p>\n<\/div>\n","protected":false},"excerpt":{"rendered":"<p>Podw\u00f3jne &#8222;retro&#8221; na stacji Olomouc hl.n. Oba pojazdy wyprodukowano w 1968 roku i dzi\u015b ju\u017c nie pe\u0142ni\u0105 s\u0142u\u017cby liniowej. Jeden z nich pojedzie jako wieczorny poc. 13713 do Uni\u010dova, a drugi, z numerem 3549, do Hrub\u00e9 Vody. A ja sp\u0119dz\u0119 noc na dworcowej \u0142awce. 2009-07-22<\/p>\n","protected":false},"author":1,"featured_media":15640,"comment_status":"open","ping_status":"","sticky":false,"template":"","format":"standard","meta":{"footnotes":""},"categories":[2,169],"tags":[340,285,50,49,173,154,2443,1012,286,1141],"class_list":["post-15639","post","type-post","status-publish","format-standard","has-post-thumbnail","hentry","category-kolej","category-rok-2009","tag-2009-07-22","tag-285","tag-cd","tag-czechy","tag-koncowki","tag-noc","tag-olomouc-hlavni-nadrazi","tag-olomuniec","tag-tab-cz290","tag-tab-cz310"],"_links":{"self":[{"href":"https:\/\/wgphoto.pl\/t\/index.php?rest_route=\/wp\/v2\/posts\/15639","targetHints":{"allow":["GET"]}}],"collection":[{"href":"https:\/\/wgphoto.pl\/t\/index.php?rest_route=\/wp\/v2\/posts"}],"about":[{"href":"https:\/\/wgphoto.pl\/t\/index.php?rest_route=\/wp\/v2\/types\/post"}],"author":[{"embeddable":true,"href":"https:\/\/wgphoto.pl\/t\/index.php?rest_route=\/wp\/v2\/users\/1"}],"replies":[{"embeddable":true,"href":"https:\/\/wgphoto.pl\/t\/index.php?rest_route=%2Fwp%2Fv2%2Fcomments&post=15639"}],"version-history":[{"count":1,"href":"https:\/\/wgphoto.pl\/t\/index.php?rest_route=\/wp\/v2\/posts\/15639\/revisions"}],"predecessor-version":[{"id":15641,"href":"https:\/\/wgphoto.pl\/t\/index.php?rest_route=\/wp\/v2\/posts\/15639\/revisions\/15641"}],"wp:featuredmedia":[{"embeddable":true,"href":"https:\/\/wgphoto.pl\/t\/index.php?rest_route=\/wp\/v2\/media\/15640"}],"wp:attachment":[{"href":"https:\/\/wgphoto.pl\/t\/index.php?rest_route=%2Fwp%2Fv2%2Fmedia&parent=15639"}],"wp:term":[{"taxonomy":"category","embeddable":true,"href":"https:\/\/wgphoto.pl\/t\/index.php?rest_route=%2Fwp%2Fv2%2Fcategories&post=15639"},{"taxonomy":"post_tag","embeddable":true,"href":"https:\/\/wgphoto.pl\/t\/index.php?rest_route=%2Fwp%2Fv2%2Ftags&post=15639"}],"curies":[{"name":"wp","href":"https:\/\/api.w.org\/{rel}","templated":true}]}}