{"id":1564,"date":"2024-10-04T16:52:49","date_gmt":"2024-10-04T14:52:49","guid":{"rendered":"https:\/\/wgphoto.pl\/t\/?p=1564"},"modified":"2024-10-04T16:52:49","modified_gmt":"2024-10-04T14:52:49","slug":"su45-111","status":"publish","type":"post","link":"https:\/\/wgphoto.pl\/t\/?p=1564","title":{"rendered":"SU45-111"},"content":{"rendered":"\n<figure class=\"wp-block-image aligncenter size-full\"><img loading=\"lazy\" decoding=\"async\" width=\"1200\" height=\"800\" src=\"https:\/\/wgphoto.pl\/t\/wp-content\/uploads\/2024\/10\/0723-33.jpg\" alt=\"\" class=\"wp-image-1565\" srcset=\"https:\/\/wgphoto.pl\/t\/wp-content\/uploads\/2024\/10\/0723-33.jpg 1200w, https:\/\/wgphoto.pl\/t\/wp-content\/uploads\/2024\/10\/0723-33-300x200.jpg 300w, https:\/\/wgphoto.pl\/t\/wp-content\/uploads\/2024\/10\/0723-33-768x512.jpg 768w\" sizes=\"auto, (max-width: 1200px) 100vw, 1200px\" \/><\/figure>\n\n\n\n<div class=\"wp-block-group has-global-padding is-layout-constrained wp-block-group-is-layout-constrained\">\n<p>Poci\u0105g przyspieszony 19322 &#8222;Powi\u015ble&#8221; relacji Bydgoszcz G\u0142\u00f3wna &#8211; Brodnica wyje\u017cd\u017ca z Grupy. 22.08.2007<\/p>\n<\/div>\n","protected":false},"excerpt":{"rendered":"<p>Poci\u0105g przyspieszony 19322 &#8222;Powi\u015ble&#8221; relacji Bydgoszcz G\u0142\u00f3wna &#8211; Brodnica wyje\u017cd\u017ca z Grupy. 22.08.2007<\/p>\n","protected":false},"author":1,"featured_media":1565,"comment_status":"open","ping_status":"","sticky":false,"template":"","format":"standard","meta":{"footnotes":""},"categories":[62,2,96],"tags":[794,283,792,63,27,290,53,793],"class_list":["post-1564","post","type-post","status-publish","format-standard","has-post-thumbnail","hentry","category-analog","category-kolej","category-rok-2007","tag-2007-08-22","tag-bdhpmnu","tag-grupa","tag-pkp","tag-polska","tag-su45","tag-sygnalizacja-ksztaltowa","tag-tab-pl431"],"_links":{"self":[{"href":"https:\/\/wgphoto.pl\/t\/index.php?rest_route=\/wp\/v2\/posts\/1564","targetHints":{"allow":["GET"]}}],"collection":[{"href":"https:\/\/wgphoto.pl\/t\/index.php?rest_route=\/wp\/v2\/posts"}],"about":[{"href":"https:\/\/wgphoto.pl\/t\/index.php?rest_route=\/wp\/v2\/types\/post"}],"author":[{"embeddable":true,"href":"https:\/\/wgphoto.pl\/t\/index.php?rest_route=\/wp\/v2\/users\/1"}],"replies":[{"embeddable":true,"href":"https:\/\/wgphoto.pl\/t\/index.php?rest_route=%2Fwp%2Fv2%2Fcomments&post=1564"}],"version-history":[{"count":1,"href":"https:\/\/wgphoto.pl\/t\/index.php?rest_route=\/wp\/v2\/posts\/1564\/revisions"}],"predecessor-version":[{"id":1566,"href":"https:\/\/wgphoto.pl\/t\/index.php?rest_route=\/wp\/v2\/posts\/1564\/revisions\/1566"}],"wp:featuredmedia":[{"embeddable":true,"href":"https:\/\/wgphoto.pl\/t\/index.php?rest_route=\/wp\/v2\/media\/1565"}],"wp:attachment":[{"href":"https:\/\/wgphoto.pl\/t\/index.php?rest_route=%2Fwp%2Fv2%2Fmedia&parent=1564"}],"wp:term":[{"taxonomy":"category","embeddable":true,"href":"https:\/\/wgphoto.pl\/t\/index.php?rest_route=%2Fwp%2Fv2%2Fcategories&post=1564"},{"taxonomy":"post_tag","embeddable":true,"href":"https:\/\/wgphoto.pl\/t\/index.php?rest_route=%2Fwp%2Fv2%2Ftags&post=1564"}],"curies":[{"name":"wp","href":"https:\/\/api.w.org\/{rel}","templated":true}]}}