{"id":15642,"date":"2025-04-06T22:05:42","date_gmt":"2025-04-06T20:05:42","guid":{"rendered":"https:\/\/wgphoto.pl\/t\/?p=15642"},"modified":"2025-04-06T22:05:42","modified_gmt":"2025-04-06T20:05:42","slug":"ostrava","status":"publish","type":"post","link":"https:\/\/wgphoto.pl\/t\/?p=15642","title":{"rendered":"OSTRAVA!!!"},"content":{"rendered":"\n<figure class=\"wp-block-image aligncenter size-full\"><img loading=\"lazy\" decoding=\"async\" width=\"1200\" height=\"795\" src=\"https:\/\/wgphoto.pl\/t\/wp-content\/uploads\/2025\/04\/IMGP2375a.jpg\" alt=\"\" class=\"wp-image-15643\" srcset=\"https:\/\/wgphoto.pl\/t\/wp-content\/uploads\/2025\/04\/IMGP2375a.jpg 1200w, https:\/\/wgphoto.pl\/t\/wp-content\/uploads\/2025\/04\/IMGP2375a-300x199.jpg 300w, https:\/\/wgphoto.pl\/t\/wp-content\/uploads\/2025\/04\/IMGP2375a-768x509.jpg 768w\" sizes=\"auto, (max-width: 1200px) 100vw, 1200px\" \/><\/figure>\n\n\n\n<div class=\"wp-block-group has-global-padding is-layout-constrained wp-block-group-is-layout-constrained\">\n<p>Tym razem nie wybra\u0142em si\u0119 na weekend by odkrywa\u0107 nowe tereny. W Ostrawie pierwszy raz zjawi\u0142em si\u0119 ju\u017c 10 lat temu. To by\u0142o pierwsze miasto w Czechach, dok\u0105d pojecha\u0142em &#8222;na tramwaje&#8221;. Pojecha\u0142em z aparatem analogowym, rzecz jasna, dlatego do dzisiaj sporo zdj\u0119\u0107 pozostaje &#8222;uwi\u0119zionych&#8221; na kliszy. Wybra\u0142em si\u0119 tam teraz \u017ceby &#8222;uwolni\u0107&#8221; te kadry za pomoc\u0105 cyfry. 10 lat temu te\u017c wdrapa\u0142em si\u0119 na t\u0119 ha\u0142d\u0119. Wtedy tramwaje do huty je\u017adzi\u0142y troch\u0119 cz\u0119\u015bciej i mo\u017cna je by\u0142o z\u0142apa\u0107 bez drzew na pierwszym planie. A sk\u0105d tytu\u0142? Takie has\u0142o reklamowe ma to miasto. 14.08.2017<\/p>\n<\/div>\n","protected":false},"excerpt":{"rendered":"<p>Tym razem nie wybra\u0142em si\u0119 na weekend by odkrywa\u0107 nowe tereny. W Ostrawie pierwszy raz zjawi\u0142em si\u0119 ju\u017c 10 lat temu. To by\u0142o pierwsze miasto w Czechach, dok\u0105d pojecha\u0142em &#8222;na tramwaje&#8221;. Pojecha\u0142em z aparatem analogowym, rzecz jasna, dlatego do dzisiaj sporo zdj\u0119\u0107 pozostaje &#8222;uwi\u0119zionych&#8221; na kliszy. Wybra\u0142em si\u0119 tam teraz \u017ceby &#8222;uwolni\u0107&#8221; te kadry za [&hellip;]<\/p>\n","protected":false},"author":1,"featured_media":15643,"comment_status":"open","ping_status":"","sticky":false,"template":"","format":"standard","meta":{"footnotes":""},"categories":[368,3],"tags":[900,49,899,303,113,897,1011],"class_list":["post-15642","post","type-post","status-publish","format-standard","has-post-thumbnail","hentry","category-rok-2017","category-tramwaj","tag-2017-08-14","tag-czechy","tag-dp-ostrava","tag-industrial","tag-landszaft","tag-ostrawa","tag-tatra-t3"],"_links":{"self":[{"href":"https:\/\/wgphoto.pl\/t\/index.php?rest_route=\/wp\/v2\/posts\/15642","targetHints":{"allow":["GET"]}}],"collection":[{"href":"https:\/\/wgphoto.pl\/t\/index.php?rest_route=\/wp\/v2\/posts"}],"about":[{"href":"https:\/\/wgphoto.pl\/t\/index.php?rest_route=\/wp\/v2\/types\/post"}],"author":[{"embeddable":true,"href":"https:\/\/wgphoto.pl\/t\/index.php?rest_route=\/wp\/v2\/users\/1"}],"replies":[{"embeddable":true,"href":"https:\/\/wgphoto.pl\/t\/index.php?rest_route=%2Fwp%2Fv2%2Fcomments&post=15642"}],"version-history":[{"count":1,"href":"https:\/\/wgphoto.pl\/t\/index.php?rest_route=\/wp\/v2\/posts\/15642\/revisions"}],"predecessor-version":[{"id":15644,"href":"https:\/\/wgphoto.pl\/t\/index.php?rest_route=\/wp\/v2\/posts\/15642\/revisions\/15644"}],"wp:featuredmedia":[{"embeddable":true,"href":"https:\/\/wgphoto.pl\/t\/index.php?rest_route=\/wp\/v2\/media\/15643"}],"wp:attachment":[{"href":"https:\/\/wgphoto.pl\/t\/index.php?rest_route=%2Fwp%2Fv2%2Fmedia&parent=15642"}],"wp:term":[{"taxonomy":"category","embeddable":true,"href":"https:\/\/wgphoto.pl\/t\/index.php?rest_route=%2Fwp%2Fv2%2Fcategories&post=15642"},{"taxonomy":"post_tag","embeddable":true,"href":"https:\/\/wgphoto.pl\/t\/index.php?rest_route=%2Fwp%2Fv2%2Ftags&post=15642"}],"curies":[{"name":"wp","href":"https:\/\/api.w.org\/{rel}","templated":true}]}}