{"id":15661,"date":"2025-04-06T22:15:27","date_gmt":"2025-04-06T20:15:27","guid":{"rendered":"https:\/\/wgphoto.pl\/t\/?p=15661"},"modified":"2025-04-06T22:15:27","modified_gmt":"2025-04-06T20:15:27","slug":"na-sztucznym-ladzie","status":"publish","type":"post","link":"https:\/\/wgphoto.pl\/t\/?p=15661","title":{"rendered":"Na sztucznym l\u0105dzie"},"content":{"rendered":"\n<figure class=\"wp-block-image aligncenter size-full\"><img loading=\"lazy\" decoding=\"async\" width=\"1200\" height=\"795\" src=\"https:\/\/wgphoto.pl\/t\/wp-content\/uploads\/2025\/04\/IMGP0363.jpg\" alt=\"\" class=\"wp-image-15662\" srcset=\"https:\/\/wgphoto.pl\/t\/wp-content\/uploads\/2025\/04\/IMGP0363.jpg 1200w, https:\/\/wgphoto.pl\/t\/wp-content\/uploads\/2025\/04\/IMGP0363-300x199.jpg 300w, https:\/\/wgphoto.pl\/t\/wp-content\/uploads\/2025\/04\/IMGP0363-768x509.jpg 768w\" sizes=\"auto, (max-width: 1200px) 100vw, 1200px\" \/><\/figure>\n\n\n\n<div class=\"wp-block-group has-global-padding is-layout-constrained wp-block-group-is-layout-constrained\">\n<p>Combino pomyka tras\u0105 \u0142\u0105cz\u0105c\u0105 centrum Amsterdamu z dzielnic\u0105 IJburg, wybudowan\u0105 na sztucznych wyspach usypanych w latach 1998-2003. 30.04.2017<\/p>\n<\/div>\n","protected":false},"excerpt":{"rendered":"<p>Combino pomyka tras\u0105 \u0142\u0105cz\u0105c\u0105 centrum Amsterdamu z dzielnic\u0105 IJburg, wybudowan\u0105 na sztucznych wyspach usypanych w latach 1998-2003. 30.04.2017<\/p>\n","protected":false},"author":1,"featured_media":15662,"comment_status":"open","ping_status":"","sticky":false,"template":"","format":"standard","meta":{"footnotes":""},"categories":[368,3],"tags":[1441,1439,1440,370,787,45,381],"class_list":["post-15661","post","type-post","status-publish","format-standard","has-post-thumbnail","hentry","category-rok-2017","category-tramwaj","tag-2017-04-30","tag-amsterdam","tag-gvb-amsterdam","tag-holandia","tag-majowka-2017-2","tag-most","tag-siemens-combino"],"_links":{"self":[{"href":"https:\/\/wgphoto.pl\/t\/index.php?rest_route=\/wp\/v2\/posts\/15661","targetHints":{"allow":["GET"]}}],"collection":[{"href":"https:\/\/wgphoto.pl\/t\/index.php?rest_route=\/wp\/v2\/posts"}],"about":[{"href":"https:\/\/wgphoto.pl\/t\/index.php?rest_route=\/wp\/v2\/types\/post"}],"author":[{"embeddable":true,"href":"https:\/\/wgphoto.pl\/t\/index.php?rest_route=\/wp\/v2\/users\/1"}],"replies":[{"embeddable":true,"href":"https:\/\/wgphoto.pl\/t\/index.php?rest_route=%2Fwp%2Fv2%2Fcomments&post=15661"}],"version-history":[{"count":1,"href":"https:\/\/wgphoto.pl\/t\/index.php?rest_route=\/wp\/v2\/posts\/15661\/revisions"}],"predecessor-version":[{"id":15663,"href":"https:\/\/wgphoto.pl\/t\/index.php?rest_route=\/wp\/v2\/posts\/15661\/revisions\/15663"}],"wp:featuredmedia":[{"embeddable":true,"href":"https:\/\/wgphoto.pl\/t\/index.php?rest_route=\/wp\/v2\/media\/15662"}],"wp:attachment":[{"href":"https:\/\/wgphoto.pl\/t\/index.php?rest_route=%2Fwp%2Fv2%2Fmedia&parent=15661"}],"wp:term":[{"taxonomy":"category","embeddable":true,"href":"https:\/\/wgphoto.pl\/t\/index.php?rest_route=%2Fwp%2Fv2%2Fcategories&post=15661"},{"taxonomy":"post_tag","embeddable":true,"href":"https:\/\/wgphoto.pl\/t\/index.php?rest_route=%2Fwp%2Fv2%2Ftags&post=15661"}],"curies":[{"name":"wp","href":"https:\/\/api.w.org\/{rel}","templated":true}]}}