{"id":15664,"date":"2025-04-06T22:16:39","date_gmt":"2025-04-06T20:16:39","guid":{"rendered":"https:\/\/wgphoto.pl\/t\/?p=15664"},"modified":"2025-04-06T22:16:39","modified_gmt":"2025-04-06T20:16:39","slug":"moj-kadr-drzewem-podzielony","status":"publish","type":"post","link":"https:\/\/wgphoto.pl\/t\/?p=15664","title":{"rendered":"M\u00f3j kadr drzewem podzielony"},"content":{"rendered":"\n<figure class=\"wp-block-image aligncenter size-full\"><img loading=\"lazy\" decoding=\"async\" width=\"1200\" height=\"675\" src=\"https:\/\/wgphoto.pl\/t\/wp-content\/uploads\/2025\/04\/IMGP0419.jpg\" alt=\"\" class=\"wp-image-15665\" srcset=\"https:\/\/wgphoto.pl\/t\/wp-content\/uploads\/2025\/04\/IMGP0419.jpg 1200w, https:\/\/wgphoto.pl\/t\/wp-content\/uploads\/2025\/04\/IMGP0419-300x169.jpg 300w, https:\/\/wgphoto.pl\/t\/wp-content\/uploads\/2025\/04\/IMGP0419-768x432.jpg 768w\" sizes=\"auto, (max-width: 1200px) 100vw, 1200px\" \/><\/figure>\n\n\n\n<div class=\"wp-block-group has-global-padding is-layout-constrained wp-block-group-is-layout-constrained\">\n<p>Amsterdam, Marnixstraat. Kadr jest podzielony drzewem po to aby pokaza\u0107, \u017ce z kolei miasto nie jest murem oddzielone od wody, lecz otwarte na ni\u0105 tak bardzo, \u017ce nie chroni\u0105 przed ni\u0105 nawet barierki. Przypuszczam \u017ce nie zdarzaj\u0105 si\u0119 tam masowe utoni\u0119cia z tego powodu. \ud83d\ude09 30.04.2017<\/p>\n<\/div>\n","protected":false},"excerpt":{"rendered":"<p>Amsterdam, Marnixstraat. Kadr jest podzielony drzewem po to aby pokaza\u0107, \u017ce z kolei miasto nie jest murem oddzielone od wody, lecz otwarte na ni\u0105 tak bardzo, \u017ce nie chroni\u0105 przed ni\u0105 nawet barierki. Przypuszczam \u017ce nie zdarzaj\u0105 si\u0119 tam masowe utoni\u0119cia z tego powodu. \ud83d\ude09 30.04.2017<\/p>\n","protected":false},"author":1,"featured_media":15665,"comment_status":"open","ping_status":"","sticky":false,"template":"","format":"standard","meta":{"footnotes":""},"categories":[368,3],"tags":[1441,1439,1440,370,787,73,381],"class_list":["post-15664","post","type-post","status-publish","format-standard","has-post-thumbnail","hentry","category-rok-2017","category-tramwaj","tag-2017-04-30","tag-amsterdam","tag-gvb-amsterdam","tag-holandia","tag-majowka-2017-2","tag-rzeka","tag-siemens-combino"],"_links":{"self":[{"href":"https:\/\/wgphoto.pl\/t\/index.php?rest_route=\/wp\/v2\/posts\/15664","targetHints":{"allow":["GET"]}}],"collection":[{"href":"https:\/\/wgphoto.pl\/t\/index.php?rest_route=\/wp\/v2\/posts"}],"about":[{"href":"https:\/\/wgphoto.pl\/t\/index.php?rest_route=\/wp\/v2\/types\/post"}],"author":[{"embeddable":true,"href":"https:\/\/wgphoto.pl\/t\/index.php?rest_route=\/wp\/v2\/users\/1"}],"replies":[{"embeddable":true,"href":"https:\/\/wgphoto.pl\/t\/index.php?rest_route=%2Fwp%2Fv2%2Fcomments&post=15664"}],"version-history":[{"count":1,"href":"https:\/\/wgphoto.pl\/t\/index.php?rest_route=\/wp\/v2\/posts\/15664\/revisions"}],"predecessor-version":[{"id":15666,"href":"https:\/\/wgphoto.pl\/t\/index.php?rest_route=\/wp\/v2\/posts\/15664\/revisions\/15666"}],"wp:featuredmedia":[{"embeddable":true,"href":"https:\/\/wgphoto.pl\/t\/index.php?rest_route=\/wp\/v2\/media\/15665"}],"wp:attachment":[{"href":"https:\/\/wgphoto.pl\/t\/index.php?rest_route=%2Fwp%2Fv2%2Fmedia&parent=15664"}],"wp:term":[{"taxonomy":"category","embeddable":true,"href":"https:\/\/wgphoto.pl\/t\/index.php?rest_route=%2Fwp%2Fv2%2Fcategories&post=15664"},{"taxonomy":"post_tag","embeddable":true,"href":"https:\/\/wgphoto.pl\/t\/index.php?rest_route=%2Fwp%2Fv2%2Ftags&post=15664"}],"curies":[{"name":"wp","href":"https:\/\/api.w.org\/{rel}","templated":true}]}}