{"id":15682,"date":"2025-04-07T16:58:17","date_gmt":"2025-04-07T14:58:17","guid":{"rendered":"https:\/\/wgphoto.pl\/t\/?p=15682"},"modified":"2025-04-07T16:58:17","modified_gmt":"2025-04-07T14:58:17","slug":"prosta-sciana","status":"publish","type":"post","link":"https:\/\/wgphoto.pl\/t\/?p=15682","title":{"rendered":"Prosta \u015bciana\u2026"},"content":{"rendered":"\n<figure class=\"wp-block-image aligncenter size-full\"><img loading=\"lazy\" decoding=\"async\" width=\"1200\" height=\"795\" src=\"https:\/\/wgphoto.pl\/t\/wp-content\/uploads\/2025\/04\/IMGP2441-1.jpg\" alt=\"\" class=\"wp-image-15683\" srcset=\"https:\/\/wgphoto.pl\/t\/wp-content\/uploads\/2025\/04\/IMGP2441-1.jpg 1200w, https:\/\/wgphoto.pl\/t\/wp-content\/uploads\/2025\/04\/IMGP2441-1-300x199.jpg 300w, https:\/\/wgphoto.pl\/t\/wp-content\/uploads\/2025\/04\/IMGP2441-1-768x509.jpg 768w\" sizes=\"auto, (max-width: 1200px) 100vw, 1200px\" \/><\/figure>\n\n\n\n<div class=\"wp-block-group has-global-padding is-layout-constrained wp-block-group-is-layout-constrained\">\n<p>Segedyn, Sz\u00e9chenyi t\u00e9r. \u017b\u00f3\u0142ty tramwaj przemierza zalane deszczem centrum miasta. Miejscowy przewo\u017anik postawi\u0142 na wyroby Pesy, jednak tym, co je wyr\u00f3\u017cnia spo\u015br\u00f3d wszystkich innych Swing\u00f3w, jest brak skos\u00f3w w dolnej cz\u0119\u015bci pud\u0142a. Tramwaj wygl\u0105da przez to troch\u0119 oci\u0119\u017cale, ale rozwi\u0105zanie takie ma konkretny cel, widoczny na s\u0105siednim zdj\u0119ciu. 21.08.2015<\/p>\n<\/div>\n","protected":false},"excerpt":{"rendered":"<p>Segedyn, Sz\u00e9chenyi t\u00e9r. \u017b\u00f3\u0142ty tramwaj przemierza zalane deszczem centrum miasta. Miejscowy przewo\u017anik postawi\u0142 na wyroby Pesy, jednak tym, co je wyr\u00f3\u017cnia spo\u015br\u00f3d wszystkich innych Swing\u00f3w, jest brak skos\u00f3w w dolnej cz\u0119\u015bci pud\u0142a. Tramwaj wygl\u0105da przez to troch\u0119 oci\u0119\u017cale, ale rozwi\u0105zanie takie ma konkretny cel, widoczny na s\u0105siednim zdj\u0119ciu. 21.08.2015<\/p>\n","protected":false},"author":1,"featured_media":15683,"comment_status":"open","ping_status":"","sticky":false,"template":"","format":"standard","meta":{"footnotes":""},"categories":[104,3],"tags":[109,34,13,1161,106,1790,107,105],"class_list":["post-15682","post","type-post","status-publish","format-standard","has-post-thumbnail","hentry","category-rok-2015","category-tramwaj","tag-2015-08-21","tag-architektura","tag-deszcz","tag-pesa-swing","tag-segedyn","tag-szkt-szeged","tag-wakacje-2015","tag-wegry"],"_links":{"self":[{"href":"https:\/\/wgphoto.pl\/t\/index.php?rest_route=\/wp\/v2\/posts\/15682","targetHints":{"allow":["GET"]}}],"collection":[{"href":"https:\/\/wgphoto.pl\/t\/index.php?rest_route=\/wp\/v2\/posts"}],"about":[{"href":"https:\/\/wgphoto.pl\/t\/index.php?rest_route=\/wp\/v2\/types\/post"}],"author":[{"embeddable":true,"href":"https:\/\/wgphoto.pl\/t\/index.php?rest_route=\/wp\/v2\/users\/1"}],"replies":[{"embeddable":true,"href":"https:\/\/wgphoto.pl\/t\/index.php?rest_route=%2Fwp%2Fv2%2Fcomments&post=15682"}],"version-history":[{"count":1,"href":"https:\/\/wgphoto.pl\/t\/index.php?rest_route=\/wp\/v2\/posts\/15682\/revisions"}],"predecessor-version":[{"id":15684,"href":"https:\/\/wgphoto.pl\/t\/index.php?rest_route=\/wp\/v2\/posts\/15682\/revisions\/15684"}],"wp:featuredmedia":[{"embeddable":true,"href":"https:\/\/wgphoto.pl\/t\/index.php?rest_route=\/wp\/v2\/media\/15683"}],"wp:attachment":[{"href":"https:\/\/wgphoto.pl\/t\/index.php?rest_route=%2Fwp%2Fv2%2Fmedia&parent=15682"}],"wp:term":[{"taxonomy":"category","embeddable":true,"href":"https:\/\/wgphoto.pl\/t\/index.php?rest_route=%2Fwp%2Fv2%2Fcategories&post=15682"},{"taxonomy":"post_tag","embeddable":true,"href":"https:\/\/wgphoto.pl\/t\/index.php?rest_route=%2Fwp%2Fv2%2Ftags&post=15682"}],"curies":[{"name":"wp","href":"https:\/\/api.w.org\/{rel}","templated":true}]}}