{"id":15697,"date":"2025-04-07T17:03:14","date_gmt":"2025-04-07T15:03:14","guid":{"rendered":"https:\/\/wgphoto.pl\/t\/?p=15697"},"modified":"2025-04-07T17:03:14","modified_gmt":"2025-04-07T15:03:14","slug":"160-km-h","status":"publish","type":"post","link":"https:\/\/wgphoto.pl\/t\/?p=15697","title":{"rendered":"160 km\/h"},"content":{"rendered":"\n<figure class=\"wp-block-image aligncenter size-full\"><img loading=\"lazy\" decoding=\"async\" width=\"1200\" height=\"803\" src=\"https:\/\/wgphoto.pl\/t\/wp-content\/uploads\/2025\/04\/IMGP5911.jpg\" alt=\"\" class=\"wp-image-15698\" srcset=\"https:\/\/wgphoto.pl\/t\/wp-content\/uploads\/2025\/04\/IMGP5911.jpg 1200w, https:\/\/wgphoto.pl\/t\/wp-content\/uploads\/2025\/04\/IMGP5911-300x201.jpg 300w, https:\/\/wgphoto.pl\/t\/wp-content\/uploads\/2025\/04\/IMGP5911-768x514.jpg 768w\" sizes=\"auto, (max-width: 1200px) 100vw, 1200px\" \/><\/figure>\n\n\n\n<div class=\"wp-block-group has-global-padding is-layout-constrained wp-block-group-is-layout-constrained\">\n<p><a href=\"http:\/\/www.zelpage.cz\/fotogalerie\/big\/680585.jpg\">\u017delpage motyw<\/a>. Szkoda tylko, \u017ce pogoda nie by\u0142a \u017delpage. No i jeszcze \u017eelpage obr\u00f3bka by si\u0119 przyda\u0142a. 15.08.2010<\/p>\n<\/div>\n","protected":false},"excerpt":{"rendered":"<p>\u017delpage motyw. Szkoda tylko, \u017ce pogoda nie by\u0142a \u017delpage. No i jeszcze \u017eelpage obr\u00f3bka by si\u0119 przyda\u0142a. 15.08.2010<\/p>\n","protected":false},"author":1,"featured_media":15698,"comment_status":"open","ping_status":"","sticky":false,"template":"","format":"standard","meta":{"footnotes":""},"categories":[2,86],"tags":[791,50,49,3629,1658,754,981],"class_list":["post-15697","post","type-post","status-publish","format-standard","has-post-thumbnail","hentry","category-kolej","category-rok-2010","tag-2010-08-15","tag-cd","tag-czechy","tag-jesenik-nad-odrou","tag-panning","tag-pendolino","tag-tab-cz270"],"_links":{"self":[{"href":"https:\/\/wgphoto.pl\/t\/index.php?rest_route=\/wp\/v2\/posts\/15697","targetHints":{"allow":["GET"]}}],"collection":[{"href":"https:\/\/wgphoto.pl\/t\/index.php?rest_route=\/wp\/v2\/posts"}],"about":[{"href":"https:\/\/wgphoto.pl\/t\/index.php?rest_route=\/wp\/v2\/types\/post"}],"author":[{"embeddable":true,"href":"https:\/\/wgphoto.pl\/t\/index.php?rest_route=\/wp\/v2\/users\/1"}],"replies":[{"embeddable":true,"href":"https:\/\/wgphoto.pl\/t\/index.php?rest_route=%2Fwp%2Fv2%2Fcomments&post=15697"}],"version-history":[{"count":1,"href":"https:\/\/wgphoto.pl\/t\/index.php?rest_route=\/wp\/v2\/posts\/15697\/revisions"}],"predecessor-version":[{"id":15699,"href":"https:\/\/wgphoto.pl\/t\/index.php?rest_route=\/wp\/v2\/posts\/15697\/revisions\/15699"}],"wp:featuredmedia":[{"embeddable":true,"href":"https:\/\/wgphoto.pl\/t\/index.php?rest_route=\/wp\/v2\/media\/15698"}],"wp:attachment":[{"href":"https:\/\/wgphoto.pl\/t\/index.php?rest_route=%2Fwp%2Fv2%2Fmedia&parent=15697"}],"wp:term":[{"taxonomy":"category","embeddable":true,"href":"https:\/\/wgphoto.pl\/t\/index.php?rest_route=%2Fwp%2Fv2%2Fcategories&post=15697"},{"taxonomy":"post_tag","embeddable":true,"href":"https:\/\/wgphoto.pl\/t\/index.php?rest_route=%2Fwp%2Fv2%2Ftags&post=15697"}],"curies":[{"name":"wp","href":"https:\/\/api.w.org\/{rel}","templated":true}]}}