{"id":15703,"date":"2025-04-07T17:05:24","date_gmt":"2025-04-07T15:05:24","guid":{"rendered":"https:\/\/wgphoto.pl\/t\/?p=15703"},"modified":"2025-04-07T17:05:24","modified_gmt":"2025-04-07T15:05:24","slug":"na-zachodzie-bez-zmian","status":"publish","type":"post","link":"https:\/\/wgphoto.pl\/t\/?p=15703","title":{"rendered":"Na zachodzie bez zmian"},"content":{"rendered":"\n<figure class=\"wp-block-image aligncenter size-full\"><img loading=\"lazy\" decoding=\"async\" width=\"1200\" height=\"795\" src=\"https:\/\/wgphoto.pl\/t\/wp-content\/uploads\/2025\/04\/IMGP2864.jpg\" alt=\"\" class=\"wp-image-15704\" srcset=\"https:\/\/wgphoto.pl\/t\/wp-content\/uploads\/2025\/04\/IMGP2864.jpg 1200w, https:\/\/wgphoto.pl\/t\/wp-content\/uploads\/2025\/04\/IMGP2864-300x199.jpg 300w, https:\/\/wgphoto.pl\/t\/wp-content\/uploads\/2025\/04\/IMGP2864-768x509.jpg 768w\" sizes=\"auto, (max-width: 1200px) 100vw, 1200px\" \/><\/figure>\n\n\n\n<div class=\"wp-block-group has-global-padding is-layout-constrained wp-block-group-is-layout-constrained\">\n<p>W G\u00f6rlitz od lat nic si\u0119 nie zmienia. Nadal te same, r\u00f3wnie zadbane tramwaje turlaj\u0105 si\u0119 po deptaku \u0142\u0105cz\u0105cym dworzec kolejowy z centrum miasta. 15.09.2017<\/p>\n<\/div>\n","protected":false},"excerpt":{"rendered":"<p>W G\u00f6rlitz od lat nic si\u0119 nie zmienia. Nadal te same, r\u00f3wnie zadbane tramwaje turlaj\u0105 si\u0119 po deptaku \u0142\u0105cz\u0105cym dworzec kolejowy z centrum miasta. 15.09.2017<\/p>\n","protected":false},"author":1,"featured_media":15704,"comment_status":"open","ping_status":"","sticky":false,"template":"","format":"standard","meta":{"footnotes":""},"categories":[368,3],"tags":[1938,239,31,23,33,129],"class_list":["post-15703","post","type-post","status-publish","format-standard","has-post-thumbnail","hentry","category-rok-2017","category-tramwaj","tag-2017-09-15","tag-deptak","tag-gorlitz","tag-niemcy","tag-tatra-kt4","tag-vgg-gorlitz"],"_links":{"self":[{"href":"https:\/\/wgphoto.pl\/t\/index.php?rest_route=\/wp\/v2\/posts\/15703","targetHints":{"allow":["GET"]}}],"collection":[{"href":"https:\/\/wgphoto.pl\/t\/index.php?rest_route=\/wp\/v2\/posts"}],"about":[{"href":"https:\/\/wgphoto.pl\/t\/index.php?rest_route=\/wp\/v2\/types\/post"}],"author":[{"embeddable":true,"href":"https:\/\/wgphoto.pl\/t\/index.php?rest_route=\/wp\/v2\/users\/1"}],"replies":[{"embeddable":true,"href":"https:\/\/wgphoto.pl\/t\/index.php?rest_route=%2Fwp%2Fv2%2Fcomments&post=15703"}],"version-history":[{"count":1,"href":"https:\/\/wgphoto.pl\/t\/index.php?rest_route=\/wp\/v2\/posts\/15703\/revisions"}],"predecessor-version":[{"id":15705,"href":"https:\/\/wgphoto.pl\/t\/index.php?rest_route=\/wp\/v2\/posts\/15703\/revisions\/15705"}],"wp:featuredmedia":[{"embeddable":true,"href":"https:\/\/wgphoto.pl\/t\/index.php?rest_route=\/wp\/v2\/media\/15704"}],"wp:attachment":[{"href":"https:\/\/wgphoto.pl\/t\/index.php?rest_route=%2Fwp%2Fv2%2Fmedia&parent=15703"}],"wp:term":[{"taxonomy":"category","embeddable":true,"href":"https:\/\/wgphoto.pl\/t\/index.php?rest_route=%2Fwp%2Fv2%2Fcategories&post=15703"},{"taxonomy":"post_tag","embeddable":true,"href":"https:\/\/wgphoto.pl\/t\/index.php?rest_route=%2Fwp%2Fv2%2Ftags&post=15703"}],"curies":[{"name":"wp","href":"https:\/\/api.w.org\/{rel}","templated":true}]}}