{"id":15706,"date":"2025-04-07T17:06:19","date_gmt":"2025-04-07T15:06:19","guid":{"rendered":"https:\/\/wgphoto.pl\/t\/?p=15706"},"modified":"2025-04-07T17:06:19","modified_gmt":"2025-04-07T15:06:19","slug":"tatra-na-peryferiach","status":"publish","type":"post","link":"https:\/\/wgphoto.pl\/t\/?p=15706","title":{"rendered":"Tatra na peryferiach"},"content":{"rendered":"\n<figure class=\"wp-block-image aligncenter size-full\"><img loading=\"lazy\" decoding=\"async\" width=\"1200\" height=\"803\" src=\"https:\/\/wgphoto.pl\/t\/wp-content\/uploads\/2025\/04\/IMGP9698.jpg\" alt=\"\" class=\"wp-image-15707\" srcset=\"https:\/\/wgphoto.pl\/t\/wp-content\/uploads\/2025\/04\/IMGP9698.jpg 1200w, https:\/\/wgphoto.pl\/t\/wp-content\/uploads\/2025\/04\/IMGP9698-300x201.jpg 300w, https:\/\/wgphoto.pl\/t\/wp-content\/uploads\/2025\/04\/IMGP9698-768x514.jpg 768w\" sizes=\"auto, (max-width: 1200px) 100vw, 1200px\" \/><\/figure>\n\n\n\n<div class=\"wp-block-group has-global-padding is-layout-constrained wp-block-group-is-layout-constrained\">\n<p>Plauen, Kleinfriesener Stra\u00dfe. Niewielkie Plauen, licz\u0105ce niespe\u0142na 70 tys. mieszka\u0144c\u00f3w, posiada wyj\u0105tkowo dobrze rozwini\u0119t\u0105 sie\u0107 tramwajow\u0105 (5 linii obs\u0142uguj\u0105cych 7 p\u0119tli), docieraj\u0105c\u0105 niemal do samych granic miasta, co pozwala obserwowa\u0107 takie widoki. Niegdy\u015b funkcjonowa\u0142a tu tylko jedna, kr\u00f3ciutka linia autobusowa (obecnie s\u0105 a\u017c dwie, nieco d\u0142u\u017csze), w zwi\u0105zku z czym Plauen nazywano kr\u00f3lestwem tramwaj\u00f3w. 10.09.2009<\/p>\n<\/div>\n","protected":false},"excerpt":{"rendered":"<p>Plauen, Kleinfriesener Stra\u00dfe. Niewielkie Plauen, licz\u0105ce niespe\u0142na 70 tys. mieszka\u0144c\u00f3w, posiada wyj\u0105tkowo dobrze rozwini\u0119t\u0105 sie\u0107 tramwajow\u0105 (5 linii obs\u0142uguj\u0105cych 7 p\u0119tli), docieraj\u0105c\u0105 niemal do samych granic miasta, co pozwala obserwowa\u0107 takie widoki. Niegdy\u015b funkcjonowa\u0142a tu tylko jedna, kr\u00f3ciutka linia autobusowa (obecnie s\u0105 a\u017c dwie, nieco d\u0142u\u017csze), w zwi\u0105zku z czym Plauen nazywano kr\u00f3lestwem tramwaj\u00f3w. 10.09.2009<\/p>\n","protected":false},"author":1,"featured_media":15707,"comment_status":"open","ping_status":"","sticky":false,"template":"","format":"standard","meta":{"footnotes":""},"categories":[169,3],"tags":[490,23,489,488,33],"class_list":["post-15706","post","type-post","status-publish","format-standard","has-post-thumbnail","hentry","category-rok-2009","category-tramwaj","tag-2009-09-10","tag-niemcy","tag-plauen","tag-psb-plauen","tag-tatra-kt4"],"_links":{"self":[{"href":"https:\/\/wgphoto.pl\/t\/index.php?rest_route=\/wp\/v2\/posts\/15706","targetHints":{"allow":["GET"]}}],"collection":[{"href":"https:\/\/wgphoto.pl\/t\/index.php?rest_route=\/wp\/v2\/posts"}],"about":[{"href":"https:\/\/wgphoto.pl\/t\/index.php?rest_route=\/wp\/v2\/types\/post"}],"author":[{"embeddable":true,"href":"https:\/\/wgphoto.pl\/t\/index.php?rest_route=\/wp\/v2\/users\/1"}],"replies":[{"embeddable":true,"href":"https:\/\/wgphoto.pl\/t\/index.php?rest_route=%2Fwp%2Fv2%2Fcomments&post=15706"}],"version-history":[{"count":1,"href":"https:\/\/wgphoto.pl\/t\/index.php?rest_route=\/wp\/v2\/posts\/15706\/revisions"}],"predecessor-version":[{"id":15708,"href":"https:\/\/wgphoto.pl\/t\/index.php?rest_route=\/wp\/v2\/posts\/15706\/revisions\/15708"}],"wp:featuredmedia":[{"embeddable":true,"href":"https:\/\/wgphoto.pl\/t\/index.php?rest_route=\/wp\/v2\/media\/15707"}],"wp:attachment":[{"href":"https:\/\/wgphoto.pl\/t\/index.php?rest_route=%2Fwp%2Fv2%2Fmedia&parent=15706"}],"wp:term":[{"taxonomy":"category","embeddable":true,"href":"https:\/\/wgphoto.pl\/t\/index.php?rest_route=%2Fwp%2Fv2%2Fcategories&post=15706"},{"taxonomy":"post_tag","embeddable":true,"href":"https:\/\/wgphoto.pl\/t\/index.php?rest_route=%2Fwp%2Fv2%2Ftags&post=15706"}],"curies":[{"name":"wp","href":"https:\/\/api.w.org\/{rel}","templated":true}]}}