{"id":15709,"date":"2025-04-07T17:07:23","date_gmt":"2025-04-07T15:07:23","guid":{"rendered":"https:\/\/wgphoto.pl\/t\/?p=15709"},"modified":"2025-04-07T17:07:23","modified_gmt":"2025-04-07T15:07:23","slug":"wyscigi-2","status":"publish","type":"post","link":"https:\/\/wgphoto.pl\/t\/?p=15709","title":{"rendered":"Wy\u015bcigi"},"content":{"rendered":"\n<figure class=\"wp-block-image aligncenter size-full\"><img loading=\"lazy\" decoding=\"async\" width=\"1200\" height=\"803\" src=\"https:\/\/wgphoto.pl\/t\/wp-content\/uploads\/2025\/04\/IMGP9713-1.jpg\" alt=\"\" class=\"wp-image-15710\" srcset=\"https:\/\/wgphoto.pl\/t\/wp-content\/uploads\/2025\/04\/IMGP9713-1.jpg 1200w, https:\/\/wgphoto.pl\/t\/wp-content\/uploads\/2025\/04\/IMGP9713-1-300x201.jpg 300w, https:\/\/wgphoto.pl\/t\/wp-content\/uploads\/2025\/04\/IMGP9713-1-768x514.jpg 768w\" sizes=\"auto, (max-width: 1200px) 100vw, 1200px\" \/><\/figure>\n\n\n\n<div class=\"wp-block-group has-global-padding is-layout-constrained wp-block-group-is-layout-constrained\">\n<p>Plauen, August-Bebel-Stra\u00dfe. Ma\u0142omiasteczkowa przedwieczorna cisza, zerowy ruch na ulicach, tramwaj na horyzoncie\u2026 i oczywi\u015bcie musia\u0142o si\u0119 do pary trafi\u0107 jedyne w okolicy niezaparkowane auto. \ud83d\ude09 10.09.2009<\/p>\n<\/div>\n","protected":false},"excerpt":{"rendered":"<p>Plauen, August-Bebel-Stra\u00dfe. Ma\u0142omiasteczkowa przedwieczorna cisza, zerowy ruch na ulicach, tramwaj na horyzoncie\u2026 i oczywi\u015bcie musia\u0142o si\u0119 do pary trafi\u0107 jedyne w okolicy niezaparkowane auto. \ud83d\ude09 10.09.2009<\/p>\n","protected":false},"author":1,"featured_media":15710,"comment_status":"open","ping_status":"","sticky":false,"template":"","format":"standard","meta":{"footnotes":""},"categories":[169,3],"tags":[490,34,23,489,488,33,90],"class_list":["post-15709","post","type-post","status-publish","format-standard","has-post-thumbnail","hentry","category-rok-2009","category-tramwaj","tag-2009-09-10","tag-architektura","tag-niemcy","tag-plauen","tag-psb-plauen","tag-tatra-kt4","tag-wieczorem"],"_links":{"self":[{"href":"https:\/\/wgphoto.pl\/t\/index.php?rest_route=\/wp\/v2\/posts\/15709","targetHints":{"allow":["GET"]}}],"collection":[{"href":"https:\/\/wgphoto.pl\/t\/index.php?rest_route=\/wp\/v2\/posts"}],"about":[{"href":"https:\/\/wgphoto.pl\/t\/index.php?rest_route=\/wp\/v2\/types\/post"}],"author":[{"embeddable":true,"href":"https:\/\/wgphoto.pl\/t\/index.php?rest_route=\/wp\/v2\/users\/1"}],"replies":[{"embeddable":true,"href":"https:\/\/wgphoto.pl\/t\/index.php?rest_route=%2Fwp%2Fv2%2Fcomments&post=15709"}],"version-history":[{"count":1,"href":"https:\/\/wgphoto.pl\/t\/index.php?rest_route=\/wp\/v2\/posts\/15709\/revisions"}],"predecessor-version":[{"id":15711,"href":"https:\/\/wgphoto.pl\/t\/index.php?rest_route=\/wp\/v2\/posts\/15709\/revisions\/15711"}],"wp:featuredmedia":[{"embeddable":true,"href":"https:\/\/wgphoto.pl\/t\/index.php?rest_route=\/wp\/v2\/media\/15710"}],"wp:attachment":[{"href":"https:\/\/wgphoto.pl\/t\/index.php?rest_route=%2Fwp%2Fv2%2Fmedia&parent=15709"}],"wp:term":[{"taxonomy":"category","embeddable":true,"href":"https:\/\/wgphoto.pl\/t\/index.php?rest_route=%2Fwp%2Fv2%2Fcategories&post=15709"},{"taxonomy":"post_tag","embeddable":true,"href":"https:\/\/wgphoto.pl\/t\/index.php?rest_route=%2Fwp%2Fv2%2Ftags&post=15709"}],"curies":[{"name":"wp","href":"https:\/\/api.w.org\/{rel}","templated":true}]}}