{"id":15712,"date":"2025-04-07T17:08:14","date_gmt":"2025-04-07T15:08:14","guid":{"rendered":"https:\/\/wgphoto.pl\/t\/?p=15712"},"modified":"2025-04-07T17:08:14","modified_gmt":"2025-04-07T15:08:14","slug":"ochronne-gags-y","status":"publish","type":"post","link":"https:\/\/wgphoto.pl\/t\/?p=15712","title":{"rendered":"Ochronne Gags-y"},"content":{"rendered":"\n<figure class=\"wp-block-image aligncenter size-full\"><img loading=\"lazy\" decoding=\"async\" width=\"1200\" height=\"800\" src=\"https:\/\/wgphoto.pl\/t\/wp-content\/uploads\/2025\/04\/0623-05.jpg\" alt=\"\" class=\"wp-image-15713\" srcset=\"https:\/\/wgphoto.pl\/t\/wp-content\/uploads\/2025\/04\/0623-05.jpg 1200w, https:\/\/wgphoto.pl\/t\/wp-content\/uploads\/2025\/04\/0623-05-300x200.jpg 300w, https:\/\/wgphoto.pl\/t\/wp-content\/uploads\/2025\/04\/0623-05-768x512.jpg 768w\" sizes=\"auto, (max-width: 1200px) 100vw, 1200px\" \/><\/figure>\n\n\n\n<div class=\"wp-block-group has-global-padding is-layout-constrained wp-block-group-is-layout-constrained\">\n<p>ST43-345 ze zwrotem wagon\u00f3w ochronnych z Jedlicza, najpewniej do Jas\u0142a, zbli\u017ca si\u0119 do Tarnowca. 12.09.2006<\/p>\n<\/div>\n","protected":false},"excerpt":{"rendered":"<p>ST43-345 ze zwrotem wagon\u00f3w ochronnych z Jedlicza, najpewniej do Jas\u0142a, zbli\u017ca si\u0119 do Tarnowca. 12.09.2006<\/p>\n","protected":false},"author":1,"featured_media":15713,"comment_status":"open","ping_status":"","sticky":false,"template":"","format":"standard","meta":{"footnotes":""},"categories":[62,2,130],"tags":[472,63,27,64,471,475],"class_list":["post-15712","post","type-post","status-publish","format-standard","has-post-thumbnail","hentry","category-analog","category-kolej","category-rok-2006","tag-2006-09-12","tag-pkp","tag-polska","tag-st43","tag-tab-pl131","tag-tarnowiec"],"_links":{"self":[{"href":"https:\/\/wgphoto.pl\/t\/index.php?rest_route=\/wp\/v2\/posts\/15712","targetHints":{"allow":["GET"]}}],"collection":[{"href":"https:\/\/wgphoto.pl\/t\/index.php?rest_route=\/wp\/v2\/posts"}],"about":[{"href":"https:\/\/wgphoto.pl\/t\/index.php?rest_route=\/wp\/v2\/types\/post"}],"author":[{"embeddable":true,"href":"https:\/\/wgphoto.pl\/t\/index.php?rest_route=\/wp\/v2\/users\/1"}],"replies":[{"embeddable":true,"href":"https:\/\/wgphoto.pl\/t\/index.php?rest_route=%2Fwp%2Fv2%2Fcomments&post=15712"}],"version-history":[{"count":1,"href":"https:\/\/wgphoto.pl\/t\/index.php?rest_route=\/wp\/v2\/posts\/15712\/revisions"}],"predecessor-version":[{"id":15714,"href":"https:\/\/wgphoto.pl\/t\/index.php?rest_route=\/wp\/v2\/posts\/15712\/revisions\/15714"}],"wp:featuredmedia":[{"embeddable":true,"href":"https:\/\/wgphoto.pl\/t\/index.php?rest_route=\/wp\/v2\/media\/15713"}],"wp:attachment":[{"href":"https:\/\/wgphoto.pl\/t\/index.php?rest_route=%2Fwp%2Fv2%2Fmedia&parent=15712"}],"wp:term":[{"taxonomy":"category","embeddable":true,"href":"https:\/\/wgphoto.pl\/t\/index.php?rest_route=%2Fwp%2Fv2%2Fcategories&post=15712"},{"taxonomy":"post_tag","embeddable":true,"href":"https:\/\/wgphoto.pl\/t\/index.php?rest_route=%2Fwp%2Fv2%2Ftags&post=15712"}],"curies":[{"name":"wp","href":"https:\/\/api.w.org\/{rel}","templated":true}]}}