{"id":15718,"date":"2025-04-07T17:10:13","date_gmt":"2025-04-07T15:10:13","guid":{"rendered":"https:\/\/wgphoto.pl\/t\/?p=15718"},"modified":"2025-04-07T17:10:13","modified_gmt":"2025-04-07T15:10:13","slug":"promocja-w-tesco","status":"publish","type":"post","link":"https:\/\/wgphoto.pl\/t\/?p=15718","title":{"rendered":"Promocja w Tesco"},"content":{"rendered":"\n<figure class=\"wp-block-image aligncenter size-full\"><img loading=\"lazy\" decoding=\"async\" width=\"1200\" height=\"795\" src=\"https:\/\/wgphoto.pl\/t\/wp-content\/uploads\/2025\/04\/IMGP3158.jpg\" alt=\"\" class=\"wp-image-15719\" srcset=\"https:\/\/wgphoto.pl\/t\/wp-content\/uploads\/2025\/04\/IMGP3158.jpg 1200w, https:\/\/wgphoto.pl\/t\/wp-content\/uploads\/2025\/04\/IMGP3158-300x199.jpg 300w, https:\/\/wgphoto.pl\/t\/wp-content\/uploads\/2025\/04\/IMGP3158-768x509.jpg 768w\" sizes=\"auto, (max-width: 1200px) 100vw, 1200px\" \/><\/figure>\n\n\n\n<div class=\"wp-block-group has-global-padding is-layout-constrained wp-block-group-is-layout-constrained\">\n<p>Rychlik 11171 relacji \u00dast\u00ed nad Labem hl.n. &#8211; D\u011b\u010d\u00edn v\u00fdchod (i dalej komunikacja zast\u0119pcza w kierunku Liberca) z powodu zamkni\u0119\u0107 torowych na odcinku zelektryfikowanym obs\u0142ugiwany by\u0142 sk\u0142adem zaprz\u0119gni\u0119tym do muzealnej lokomotywy 141 012-5, znanej obecnie pod czechos\u0142owackim numerem E499.112. To chyba wyj\u0105tek, bo dzie\u0144 p\u00f3\u017aniej na tym obiegu je\u017adzi\u0142 ju\u017c jaki\u015b perszing. 21.09.2017<\/p>\n<\/div>\n","protected":false},"excerpt":{"rendered":"<p>Rychlik 11171 relacji \u00dast\u00ed nad Labem hl.n. &#8211; D\u011b\u010d\u00edn v\u00fdchod (i dalej komunikacja zast\u0119pcza w kierunku Liberca) z powodu zamkni\u0119\u0107 torowych na odcinku zelektryfikowanym obs\u0142ugiwany by\u0142 sk\u0142adem zaprz\u0119gni\u0119tym do muzealnej lokomotywy 141 012-5, znanej obecnie pod czechos\u0142owackim numerem E499.112. To chyba wyj\u0105tek, bo dzie\u0144 p\u00f3\u017aniej na tym obiegu je\u017adzi\u0142 ju\u017c jaki\u015b perszing. 21.09.2017<\/p>\n","protected":false},"author":1,"featured_media":15719,"comment_status":"open","ping_status":"","sticky":false,"template":"","format":"standard","meta":{"footnotes":""},"categories":[2,368],"tags":[2444,656,50,49,655,2908,113,45,139,73,1953],"class_list":["post-15718","post","type-post","status-publish","format-standard","has-post-thumbnail","hentry","category-kolej","category-rok-2017","tag-2444","tag-2017-09-21","tag-cd","tag-czechy","tag-decin-hlavni-nadrazi","tag-decin-vychod","tag-landszaft","tag-most","tag-retro","tag-rzeka","tag-tab-cz081"],"_links":{"self":[{"href":"https:\/\/wgphoto.pl\/t\/index.php?rest_route=\/wp\/v2\/posts\/15718","targetHints":{"allow":["GET"]}}],"collection":[{"href":"https:\/\/wgphoto.pl\/t\/index.php?rest_route=\/wp\/v2\/posts"}],"about":[{"href":"https:\/\/wgphoto.pl\/t\/index.php?rest_route=\/wp\/v2\/types\/post"}],"author":[{"embeddable":true,"href":"https:\/\/wgphoto.pl\/t\/index.php?rest_route=\/wp\/v2\/users\/1"}],"replies":[{"embeddable":true,"href":"https:\/\/wgphoto.pl\/t\/index.php?rest_route=%2Fwp%2Fv2%2Fcomments&post=15718"}],"version-history":[{"count":1,"href":"https:\/\/wgphoto.pl\/t\/index.php?rest_route=\/wp\/v2\/posts\/15718\/revisions"}],"predecessor-version":[{"id":15720,"href":"https:\/\/wgphoto.pl\/t\/index.php?rest_route=\/wp\/v2\/posts\/15718\/revisions\/15720"}],"wp:featuredmedia":[{"embeddable":true,"href":"https:\/\/wgphoto.pl\/t\/index.php?rest_route=\/wp\/v2\/media\/15719"}],"wp:attachment":[{"href":"https:\/\/wgphoto.pl\/t\/index.php?rest_route=%2Fwp%2Fv2%2Fmedia&parent=15718"}],"wp:term":[{"taxonomy":"category","embeddable":true,"href":"https:\/\/wgphoto.pl\/t\/index.php?rest_route=%2Fwp%2Fv2%2Fcategories&post=15718"},{"taxonomy":"post_tag","embeddable":true,"href":"https:\/\/wgphoto.pl\/t\/index.php?rest_route=%2Fwp%2Fv2%2Ftags&post=15718"}],"curies":[{"name":"wp","href":"https:\/\/api.w.org\/{rel}","templated":true}]}}