{"id":15724,"date":"2025-04-07T17:35:21","date_gmt":"2025-04-07T15:35:21","guid":{"rendered":"https:\/\/wgphoto.pl\/t\/?p=15724"},"modified":"2025-04-07T17:35:21","modified_gmt":"2025-04-07T15:35:21","slug":"pietnastolecie","status":"publish","type":"post","link":"https:\/\/wgphoto.pl\/t\/?p=15724","title":{"rendered":"Pi\u0119tnastolecie"},"content":{"rendered":"\n<figure class=\"wp-block-image aligncenter size-full\"><img loading=\"lazy\" decoding=\"async\" width=\"1200\" height=\"795\" src=\"https:\/\/wgphoto.pl\/t\/wp-content\/uploads\/2025\/04\/IMGP3441.jpg\" alt=\"\" class=\"wp-image-15725\" srcset=\"https:\/\/wgphoto.pl\/t\/wp-content\/uploads\/2025\/04\/IMGP3441.jpg 1200w, https:\/\/wgphoto.pl\/t\/wp-content\/uploads\/2025\/04\/IMGP3441-300x199.jpg 300w, https:\/\/wgphoto.pl\/t\/wp-content\/uploads\/2025\/04\/IMGP3441-768x509.jpg 768w\" sizes=\"auto, (max-width: 1200px) 100vw, 1200px\" \/><\/figure>\n\n\n\n<div class=\"wp-block-group has-global-padding is-layout-constrained wp-block-group-is-layout-constrained\">\n<p>Przed 2001 rokiem mo\u017cna tu by\u0142o sfotografowa\u0107 poci\u0105g. 15 lat temu fragment dawnej W\u00fcrschnitztalbahn mi\u0119dzy Altchemnitz i Stollbergiem zelektryfikowano pr\u0105dem =750V i przystosowano do ruchu tramwaj\u00f3w. Pierwsza linia chemnitzkiego tramwaju regionalnego nazywana jest obecnie &#8222;pilota\u017cow\u0105&#8221; i jako jedyna jest w ca\u0142o\u015bci zelektryfikowana, obs\u0142ugiwana jest taborem typowo tramwajowym oraz nie dzieli tor\u00f3w z poci\u0105gami (lub robi to bardzo okazjonalnie &#8211; przy trasie sta\u0142y jakie\u015b wagony towarowe, ale wygl\u0105da\u0142y na nieruszane od lat), mimo \u017ce pe\u0142ne po\u0142\u0105czenie z sieci\u0105 kolejow\u0105 wyst\u0119puje na obu ko\u0144cach trasy. Najwyra\u017aniej po okresie pilota\u017cowym zmieniono nieco koncepcj\u0119, ale o tym wkr\u00f3tce. 2017-09-22<\/p>\n<\/div>\n","protected":false},"excerpt":{"rendered":"<p>Przed 2001 rokiem mo\u017cna tu by\u0142o sfotografowa\u0107 poci\u0105g. 15 lat temu fragment dawnej W\u00fcrschnitztalbahn mi\u0119dzy Altchemnitz i Stollbergiem zelektryfikowano pr\u0105dem =750V i przystosowano do ruchu tramwaj\u00f3w. Pierwsza linia chemnitzkiego tramwaju regionalnego nazywana jest obecnie &#8222;pilota\u017cow\u0105&#8221; i jako jedyna jest w ca\u0142o\u015bci zelektryfikowana, obs\u0142ugiwana jest taborem typowo tramwajowym oraz nie dzieli tor\u00f3w z poci\u0105gami (lub robi [&hellip;]<\/p>\n","protected":false},"author":1,"featured_media":15725,"comment_status":"open","ping_status":"","sticky":false,"template":"","format":"standard","meta":{"footnotes":""},"categories":[368,3],"tags":[1525,732,3122,23,73,1153,726],"class_list":["post-15724","post","type-post","status-publish","format-standard","has-post-thumbnail","hentry","category-rok-2017","category-tramwaj","tag-2017-09-22","tag-chemnitz","tag-city-bahn-chemnitz-2","tag-niemcy","tag-rzeka","tag-tramwaj-regionalny","tag-variobahn"],"_links":{"self":[{"href":"https:\/\/wgphoto.pl\/t\/index.php?rest_route=\/wp\/v2\/posts\/15724","targetHints":{"allow":["GET"]}}],"collection":[{"href":"https:\/\/wgphoto.pl\/t\/index.php?rest_route=\/wp\/v2\/posts"}],"about":[{"href":"https:\/\/wgphoto.pl\/t\/index.php?rest_route=\/wp\/v2\/types\/post"}],"author":[{"embeddable":true,"href":"https:\/\/wgphoto.pl\/t\/index.php?rest_route=\/wp\/v2\/users\/1"}],"replies":[{"embeddable":true,"href":"https:\/\/wgphoto.pl\/t\/index.php?rest_route=%2Fwp%2Fv2%2Fcomments&post=15724"}],"version-history":[{"count":1,"href":"https:\/\/wgphoto.pl\/t\/index.php?rest_route=\/wp\/v2\/posts\/15724\/revisions"}],"predecessor-version":[{"id":15726,"href":"https:\/\/wgphoto.pl\/t\/index.php?rest_route=\/wp\/v2\/posts\/15724\/revisions\/15726"}],"wp:featuredmedia":[{"embeddable":true,"href":"https:\/\/wgphoto.pl\/t\/index.php?rest_route=\/wp\/v2\/media\/15725"}],"wp:attachment":[{"href":"https:\/\/wgphoto.pl\/t\/index.php?rest_route=%2Fwp%2Fv2%2Fmedia&parent=15724"}],"wp:term":[{"taxonomy":"category","embeddable":true,"href":"https:\/\/wgphoto.pl\/t\/index.php?rest_route=%2Fwp%2Fv2%2Fcategories&post=15724"},{"taxonomy":"post_tag","embeddable":true,"href":"https:\/\/wgphoto.pl\/t\/index.php?rest_route=%2Fwp%2Fv2%2Ftags&post=15724"}],"curies":[{"name":"wp","href":"https:\/\/api.w.org\/{rel}","templated":true}]}}