{"id":1573,"date":"2024-10-04T16:55:48","date_gmt":"2024-10-04T14:55:48","guid":{"rendered":"https:\/\/wgphoto.pl\/t\/?p=1573"},"modified":"2024-10-04T16:55:48","modified_gmt":"2024-10-04T14:55:48","slug":"nie-spie-bo-robie-zdjecia","status":"publish","type":"post","link":"https:\/\/wgphoto.pl\/t\/?p=1573","title":{"rendered":"Nie \u015bpi\u0119, bo robi\u0119 zdj\u0119cia"},"content":{"rendered":"\n<figure class=\"wp-block-image aligncenter size-full\"><img loading=\"lazy\" decoding=\"async\" width=\"1200\" height=\"803\" src=\"https:\/\/wgphoto.pl\/t\/wp-content\/uploads\/2024\/10\/IMGP8226.jpg\" alt=\"\" class=\"wp-image-1574\" srcset=\"https:\/\/wgphoto.pl\/t\/wp-content\/uploads\/2024\/10\/IMGP8226.jpg 1200w, https:\/\/wgphoto.pl\/t\/wp-content\/uploads\/2024\/10\/IMGP8226-300x201.jpg 300w, https:\/\/wgphoto.pl\/t\/wp-content\/uploads\/2024\/10\/IMGP8226-768x514.jpg 768w\" sizes=\"auto, (max-width: 1200px) 100vw, 1200px\" \/><\/figure>\n\n\n\n<div class=\"wp-block-group has-global-padding is-layout-constrained wp-block-group-is-layout-constrained\">\n<p>Stacja Gorz\u00f3w Wielkopolski. O godzinie 3:19 do odjazdu szykuje si\u0119 osobowy z Kostrzyna do Krzy\u017ca(?) z SU45-147 na czele. 03.08.2009<\/p>\n<\/div>\n","protected":false},"excerpt":{"rendered":"<p>Stacja Gorz\u00f3w Wielkopolski. O godzinie 3:19 do odjazdu szykuje si\u0119 osobowy z Kostrzyna do Krzy\u017ca(?) z SU45-147 na czele. 03.08.2009<\/p>\n","protected":false},"author":1,"featured_media":1574,"comment_status":"open","ping_status":"","sticky":false,"template":"","format":"standard","meta":{"footnotes":""},"categories":[2,169],"tags":[799,798,154,595,24,63,27,290,594],"class_list":["post-1573","post","type-post","status-publish","format-standard","has-post-thumbnail","hentry","category-kolej","category-rok-2009","tag-2009-08-03","tag-gorzow-wielkopolski","tag-noc","tag-ostbahn","tag-perony","tag-pkp","tag-polska","tag-su45","tag-tab-pl345"],"_links":{"self":[{"href":"https:\/\/wgphoto.pl\/t\/index.php?rest_route=\/wp\/v2\/posts\/1573","targetHints":{"allow":["GET"]}}],"collection":[{"href":"https:\/\/wgphoto.pl\/t\/index.php?rest_route=\/wp\/v2\/posts"}],"about":[{"href":"https:\/\/wgphoto.pl\/t\/index.php?rest_route=\/wp\/v2\/types\/post"}],"author":[{"embeddable":true,"href":"https:\/\/wgphoto.pl\/t\/index.php?rest_route=\/wp\/v2\/users\/1"}],"replies":[{"embeddable":true,"href":"https:\/\/wgphoto.pl\/t\/index.php?rest_route=%2Fwp%2Fv2%2Fcomments&post=1573"}],"version-history":[{"count":1,"href":"https:\/\/wgphoto.pl\/t\/index.php?rest_route=\/wp\/v2\/posts\/1573\/revisions"}],"predecessor-version":[{"id":1575,"href":"https:\/\/wgphoto.pl\/t\/index.php?rest_route=\/wp\/v2\/posts\/1573\/revisions\/1575"}],"wp:featuredmedia":[{"embeddable":true,"href":"https:\/\/wgphoto.pl\/t\/index.php?rest_route=\/wp\/v2\/media\/1574"}],"wp:attachment":[{"href":"https:\/\/wgphoto.pl\/t\/index.php?rest_route=%2Fwp%2Fv2%2Fmedia&parent=1573"}],"wp:term":[{"taxonomy":"category","embeddable":true,"href":"https:\/\/wgphoto.pl\/t\/index.php?rest_route=%2Fwp%2Fv2%2Fcategories&post=1573"},{"taxonomy":"post_tag","embeddable":true,"href":"https:\/\/wgphoto.pl\/t\/index.php?rest_route=%2Fwp%2Fv2%2Ftags&post=1573"}],"curies":[{"name":"wp","href":"https:\/\/api.w.org\/{rel}","templated":true}]}}