{"id":15730,"date":"2025-04-07T17:37:12","date_gmt":"2025-04-07T15:37:12","guid":{"rendered":"https:\/\/wgphoto.pl\/t\/?p=15730"},"modified":"2025-04-07T17:37:12","modified_gmt":"2025-04-07T15:37:12","slug":"drugi-etap","status":"publish","type":"post","link":"https:\/\/wgphoto.pl\/t\/?p=15730","title":{"rendered":"Drugi etap"},"content":{"rendered":"\n<figure class=\"wp-block-image aligncenter size-full\"><img loading=\"lazy\" decoding=\"async\" width=\"1200\" height=\"795\" src=\"https:\/\/wgphoto.pl\/t\/wp-content\/uploads\/2025\/04\/IMGP3368.jpg\" alt=\"\" class=\"wp-image-15731\" srcset=\"https:\/\/wgphoto.pl\/t\/wp-content\/uploads\/2025\/04\/IMGP3368.jpg 1200w, https:\/\/wgphoto.pl\/t\/wp-content\/uploads\/2025\/04\/IMGP3368-300x199.jpg 300w, https:\/\/wgphoto.pl\/t\/wp-content\/uploads\/2025\/04\/IMGP3368-768x509.jpg 768w\" sizes=\"auto, (max-width: 1200px) 100vw, 1200px\" \/><\/figure>\n\n\n\n<div class=\"wp-block-group has-global-padding is-layout-constrained wp-block-group-is-layout-constrained\">\n<p>13 grudnia 2015 roku wdro\u017cono drugi etap rozwoju City-Bahn Chemnitz (zwany pierwszym etapem, gdy\u017c pierwszemu nadano numer 0), zwi\u0105zany z uruchomieniem linii C13, C14 i C15 wybiegaj\u0105cych z miasta w kierunku p\u00f3\u0142nocnym i wschodnim. Pocz\u0105tkowo by\u0142a to \u015bciema, bo linie obs\u0142ugiwane by\u0142y na odcinku od dworca g\u0142\u00f3wnego taborem kolejowym (wagony motorowe od Stadlera), ale 10 pa\u017adziernika 2016 roku do ruchu skierowano tramwaje produkcji Vossloh, wyposa\u017cone w agregat spalinowy. Na zdj\u0119ciu jeden z takich wagon\u00f3w, wykonuj\u0105c kurs linii C13 do Burgst\u00e4dt, przeje\u017cd\u017ca po wiadukcie nad autostrad\u0105, kt\u00f3ry zaistnia\u0142 tu ju\u017c kilka dni temu z spraw\u0105 zdj\u0119cia kolejowego. 2017-09-22<\/p>\n<\/div>\n","protected":false},"excerpt":{"rendered":"<p>13 grudnia 2015 roku wdro\u017cono drugi etap rozwoju City-Bahn Chemnitz (zwany pierwszym etapem, gdy\u017c pierwszemu nadano numer 0), zwi\u0105zany z uruchomieniem linii C13, C14 i C15 wybiegaj\u0105cych z miasta w kierunku p\u00f3\u0142nocnym i wschodnim. Pocz\u0105tkowo by\u0142a to \u015bciema, bo linie obs\u0142ugiwane by\u0142y na odcinku od dworca g\u0142\u00f3wnego taborem kolejowym (wagony motorowe od Stadlera), ale 10 [&hellip;]<\/p>\n","protected":false},"author":1,"featured_media":15731,"comment_status":"open","ping_status":"","sticky":false,"template":"","format":"standard","meta":{"footnotes":""},"categories":[368,3],"tags":[1525,1986,732,3632,3122,3121,45,23,1153,3631],"class_list":["post-15730","post","type-post","status-publish","format-standard","has-post-thumbnail","hentry","category-rok-2017","category-tramwaj","tag-2017-09-22","tag-bez-sieci","tag-chemnitz","tag-chemnitz-borna","tag-city-bahn-chemnitz-2","tag-citylink","tag-most","tag-niemcy","tag-tramwaj-regionalny","tag-wittgensdorf-mitte"],"_links":{"self":[{"href":"https:\/\/wgphoto.pl\/t\/index.php?rest_route=\/wp\/v2\/posts\/15730","targetHints":{"allow":["GET"]}}],"collection":[{"href":"https:\/\/wgphoto.pl\/t\/index.php?rest_route=\/wp\/v2\/posts"}],"about":[{"href":"https:\/\/wgphoto.pl\/t\/index.php?rest_route=\/wp\/v2\/types\/post"}],"author":[{"embeddable":true,"href":"https:\/\/wgphoto.pl\/t\/index.php?rest_route=\/wp\/v2\/users\/1"}],"replies":[{"embeddable":true,"href":"https:\/\/wgphoto.pl\/t\/index.php?rest_route=%2Fwp%2Fv2%2Fcomments&post=15730"}],"version-history":[{"count":1,"href":"https:\/\/wgphoto.pl\/t\/index.php?rest_route=\/wp\/v2\/posts\/15730\/revisions"}],"predecessor-version":[{"id":15732,"href":"https:\/\/wgphoto.pl\/t\/index.php?rest_route=\/wp\/v2\/posts\/15730\/revisions\/15732"}],"wp:featuredmedia":[{"embeddable":true,"href":"https:\/\/wgphoto.pl\/t\/index.php?rest_route=\/wp\/v2\/media\/15731"}],"wp:attachment":[{"href":"https:\/\/wgphoto.pl\/t\/index.php?rest_route=%2Fwp%2Fv2%2Fmedia&parent=15730"}],"wp:term":[{"taxonomy":"category","embeddable":true,"href":"https:\/\/wgphoto.pl\/t\/index.php?rest_route=%2Fwp%2Fv2%2Fcategories&post=15730"},{"taxonomy":"post_tag","embeddable":true,"href":"https:\/\/wgphoto.pl\/t\/index.php?rest_route=%2Fwp%2Fv2%2Ftags&post=15730"}],"curies":[{"name":"wp","href":"https:\/\/api.w.org\/{rel}","templated":true}]}}