{"id":15733,"date":"2025-04-07T17:38:06","date_gmt":"2025-04-07T15:38:06","guid":{"rendered":"https:\/\/wgphoto.pl\/t\/?p=15733"},"modified":"2025-04-07T17:38:06","modified_gmt":"2025-04-07T15:38:06","slug":"mostowe-poszukiwania","status":"publish","type":"post","link":"https:\/\/wgphoto.pl\/t\/?p=15733","title":{"rendered":"Mostowe poszukiwania"},"content":{"rendered":"\n<figure class=\"wp-block-image aligncenter size-full\"><img loading=\"lazy\" decoding=\"async\" width=\"1200\" height=\"795\" src=\"https:\/\/wgphoto.pl\/t\/wp-content\/uploads\/2025\/04\/IMGP3483.jpg\" alt=\"\" class=\"wp-image-15734\" srcset=\"https:\/\/wgphoto.pl\/t\/wp-content\/uploads\/2025\/04\/IMGP3483.jpg 1200w, https:\/\/wgphoto.pl\/t\/wp-content\/uploads\/2025\/04\/IMGP3483-300x199.jpg 300w, https:\/\/wgphoto.pl\/t\/wp-content\/uploads\/2025\/04\/IMGP3483-768x509.jpg 768w\" sizes=\"auto, (max-width: 1200px) 100vw, 1200px\" \/><\/figure>\n\n\n\n<div class=\"wp-block-group has-global-padding is-layout-constrained wp-block-group-is-layout-constrained\">\n<p>Przed wyjazdem w teren zapyta\u0142em niezawodnego wujka gugle o &#8222;eisenbahnviadukt chemnitz&#8221;. Na pewno musia\u0142 by\u0107 w okolicy jaki\u015b obiekt godny uwagi i rzeczywi\u015bcie &#8211; w ten spos\u00f3b znalaz\u0142em przede wszystkim kamienny wiadukt z poprzednich zdj\u0119\u0107. Drug\u0105 interesuj\u0105c\u0105 budowl\u0105, jaka pojawi\u0142a si\u0119 w wynikach wyszukiwania, by\u0142 widoczny stalowy most, a raczej estakada o d\u0142ugo\u015bci 275 metr\u00f3w, przenosz\u0105ca lini\u0119 kolejow\u0105 wybiegaj\u0105c\u0105 z dworca g\u0142\u00f3wnego na zach\u00f3d nad rzek\u0105 Chemnitz oraz paroma ulicami. Na zdj\u0119cie kolejowe nie bardzo si\u0119 nadawa\u0142, chocia\u017cby ze wzgl\u0119du na widoczne zakrzaczenie, ale na tramwajowe by\u0142 jak znalaz\u0142. 2017-09-22<\/p>\n<\/div>\n","protected":false},"excerpt":{"rendered":"<p>Przed wyjazdem w teren zapyta\u0142em niezawodnego wujka gugle o &#8222;eisenbahnviadukt chemnitz&#8221;. Na pewno musia\u0142 by\u0107 w okolicy jaki\u015b obiekt godny uwagi i rzeczywi\u015bcie &#8211; w ten spos\u00f3b znalaz\u0142em przede wszystkim kamienny wiadukt z poprzednich zdj\u0119\u0107. Drug\u0105 interesuj\u0105c\u0105 budowl\u0105, jaka pojawi\u0142a si\u0119 w wynikach wyszukiwania, by\u0142 widoczny stalowy most, a raczej estakada o d\u0142ugo\u015bci 275 metr\u00f3w, [&hellip;]<\/p>\n","protected":false},"author":1,"featured_media":15734,"comment_status":"open","ping_status":"","sticky":false,"template":"","format":"standard","meta":{"footnotes":""},"categories":[368,3],"tags":[1525,732,730,45,23,1011],"class_list":["post-15733","post","type-post","status-publish","format-standard","has-post-thumbnail","hentry","category-rok-2017","category-tramwaj","tag-2017-09-22","tag-chemnitz","tag-cvag-chemnitz","tag-most","tag-niemcy","tag-tatra-t3"],"_links":{"self":[{"href":"https:\/\/wgphoto.pl\/t\/index.php?rest_route=\/wp\/v2\/posts\/15733","targetHints":{"allow":["GET"]}}],"collection":[{"href":"https:\/\/wgphoto.pl\/t\/index.php?rest_route=\/wp\/v2\/posts"}],"about":[{"href":"https:\/\/wgphoto.pl\/t\/index.php?rest_route=\/wp\/v2\/types\/post"}],"author":[{"embeddable":true,"href":"https:\/\/wgphoto.pl\/t\/index.php?rest_route=\/wp\/v2\/users\/1"}],"replies":[{"embeddable":true,"href":"https:\/\/wgphoto.pl\/t\/index.php?rest_route=%2Fwp%2Fv2%2Fcomments&post=15733"}],"version-history":[{"count":1,"href":"https:\/\/wgphoto.pl\/t\/index.php?rest_route=\/wp\/v2\/posts\/15733\/revisions"}],"predecessor-version":[{"id":15735,"href":"https:\/\/wgphoto.pl\/t\/index.php?rest_route=\/wp\/v2\/posts\/15733\/revisions\/15735"}],"wp:featuredmedia":[{"embeddable":true,"href":"https:\/\/wgphoto.pl\/t\/index.php?rest_route=\/wp\/v2\/media\/15734"}],"wp:attachment":[{"href":"https:\/\/wgphoto.pl\/t\/index.php?rest_route=%2Fwp%2Fv2%2Fmedia&parent=15733"}],"wp:term":[{"taxonomy":"category","embeddable":true,"href":"https:\/\/wgphoto.pl\/t\/index.php?rest_route=%2Fwp%2Fv2%2Fcategories&post=15733"},{"taxonomy":"post_tag","embeddable":true,"href":"https:\/\/wgphoto.pl\/t\/index.php?rest_route=%2Fwp%2Fv2%2Ftags&post=15733"}],"curies":[{"name":"wp","href":"https:\/\/api.w.org\/{rel}","templated":true}]}}