{"id":15736,"date":"2025-04-07T17:39:08","date_gmt":"2025-04-07T15:39:08","guid":{"rendered":"https:\/\/wgphoto.pl\/t\/?p=15736"},"modified":"2025-04-07T17:39:08","modified_gmt":"2025-04-07T15:39:08","slug":"pierwszy-jesienny-lisc","status":"publish","type":"post","link":"https:\/\/wgphoto.pl\/t\/?p=15736","title":{"rendered":"Pierwszy jesienny li\u015b\u0107"},"content":{"rendered":"\n<figure class=\"wp-block-image aligncenter size-full\"><img loading=\"lazy\" decoding=\"async\" width=\"1200\" height=\"795\" src=\"https:\/\/wgphoto.pl\/t\/wp-content\/uploads\/2025\/04\/IMGP3261.jpg\" alt=\"\" class=\"wp-image-15737\" srcset=\"https:\/\/wgphoto.pl\/t\/wp-content\/uploads\/2025\/04\/IMGP3261.jpg 1200w, https:\/\/wgphoto.pl\/t\/wp-content\/uploads\/2025\/04\/IMGP3261-300x199.jpg 300w, https:\/\/wgphoto.pl\/t\/wp-content\/uploads\/2025\/04\/IMGP3261-768x509.jpg 768w\" sizes=\"auto, (max-width: 1200px) 100vw, 1200px\" \/><\/figure>\n\n\n\n<div class=\"wp-block-group has-global-padding is-layout-constrained wp-block-group-is-layout-constrained\">\n<p>Nie jest \u0142atwo na enerdowskim blokowisku sfotografowa\u0107 tramwaj z blokami, bo zazwyczaj s\u0105 one &#8211; z niew\u0105tpliw\u0105 korzy\u015bci\u0105 dla mieszka\u0144c\u00f3w &#8211; pochowane za krzakami i drzewami. Dzi\u0119ki temu poszukuj\u0105c dobrego uj\u0119cia z wielk\u0105 p\u0142yt\u0105 mo\u017cna niechc\u0105cy natrafi\u0107 na pierwsze oznaki jesieni. 2017-09-22<\/p>\n<\/div>\n","protected":false},"excerpt":{"rendered":"<p>Nie jest \u0142atwo na enerdowskim blokowisku sfotografowa\u0107 tramwaj z blokami, bo zazwyczaj s\u0105 one &#8211; z niew\u0105tpliw\u0105 korzy\u015bci\u0105 dla mieszka\u0144c\u00f3w &#8211; pochowane za krzakami i drzewami. Dzi\u0119ki temu poszukuj\u0105c dobrego uj\u0119cia z wielk\u0105 p\u0142yt\u0105 mo\u017cna niechc\u0105cy natrafi\u0107 na pierwsze oznaki jesieni. 2017-09-22<\/p>\n","protected":false},"author":1,"featured_media":15737,"comment_status":"open","ping_status":"","sticky":false,"template":"","format":"standard","meta":{"footnotes":""},"categories":[368,3],"tags":[1525,732,730,126,23,726],"class_list":["post-15736","post","type-post","status-publish","format-standard","has-post-thumbnail","hentry","category-rok-2017","category-tramwaj","tag-2017-09-22","tag-chemnitz","tag-cvag-chemnitz","tag-jesien","tag-niemcy","tag-variobahn"],"_links":{"self":[{"href":"https:\/\/wgphoto.pl\/t\/index.php?rest_route=\/wp\/v2\/posts\/15736","targetHints":{"allow":["GET"]}}],"collection":[{"href":"https:\/\/wgphoto.pl\/t\/index.php?rest_route=\/wp\/v2\/posts"}],"about":[{"href":"https:\/\/wgphoto.pl\/t\/index.php?rest_route=\/wp\/v2\/types\/post"}],"author":[{"embeddable":true,"href":"https:\/\/wgphoto.pl\/t\/index.php?rest_route=\/wp\/v2\/users\/1"}],"replies":[{"embeddable":true,"href":"https:\/\/wgphoto.pl\/t\/index.php?rest_route=%2Fwp%2Fv2%2Fcomments&post=15736"}],"version-history":[{"count":1,"href":"https:\/\/wgphoto.pl\/t\/index.php?rest_route=\/wp\/v2\/posts\/15736\/revisions"}],"predecessor-version":[{"id":15738,"href":"https:\/\/wgphoto.pl\/t\/index.php?rest_route=\/wp\/v2\/posts\/15736\/revisions\/15738"}],"wp:featuredmedia":[{"embeddable":true,"href":"https:\/\/wgphoto.pl\/t\/index.php?rest_route=\/wp\/v2\/media\/15737"}],"wp:attachment":[{"href":"https:\/\/wgphoto.pl\/t\/index.php?rest_route=%2Fwp%2Fv2%2Fmedia&parent=15736"}],"wp:term":[{"taxonomy":"category","embeddable":true,"href":"https:\/\/wgphoto.pl\/t\/index.php?rest_route=%2Fwp%2Fv2%2Fcategories&post=15736"},{"taxonomy":"post_tag","embeddable":true,"href":"https:\/\/wgphoto.pl\/t\/index.php?rest_route=%2Fwp%2Fv2%2Ftags&post=15736"}],"curies":[{"name":"wp","href":"https:\/\/api.w.org\/{rel}","templated":true}]}}