{"id":15745,"date":"2025-04-07T17:42:36","date_gmt":"2025-04-07T15:42:36","guid":{"rendered":"https:\/\/wgphoto.pl\/t\/?p=15745"},"modified":"2025-04-07T17:43:20","modified_gmt":"2025-04-07T15:43:20","slug":"wszystko-na-swoim-miejscu","status":"publish","type":"post","link":"https:\/\/wgphoto.pl\/t\/?p=15745","title":{"rendered":"Wszystko na swoim miejscu"},"content":{"rendered":"\n<figure class=\"wp-block-image aligncenter size-full\"><img loading=\"lazy\" decoding=\"async\" width=\"1200\" height=\"795\" src=\"https:\/\/wgphoto.pl\/t\/wp-content\/uploads\/2025\/04\/IMGP3171.jpg\" alt=\"\" class=\"wp-image-15746\" srcset=\"https:\/\/wgphoto.pl\/t\/wp-content\/uploads\/2025\/04\/IMGP3171.jpg 1200w, https:\/\/wgphoto.pl\/t\/wp-content\/uploads\/2025\/04\/IMGP3171-300x199.jpg 300w, https:\/\/wgphoto.pl\/t\/wp-content\/uploads\/2025\/04\/IMGP3171-768x509.jpg 768w\" sizes=\"auto, (max-width: 1200px) 100vw, 1200px\" \/><\/figure>\n\n\n\n<div class=\"wp-block-group has-global-padding is-layout-constrained wp-block-group-is-layout-constrained\">\n<p>EC 177 &#8222;Johannes Brahms&#8221; z Hamburga-Altony do Prahy hl.n. jad\u0105c przez raczej &#8222;wioskow\u0105&#8221; okolic\u0119 mija le\u017c\u0105ce na drugim brzegu \u0141aby centrum D\u011b\u010d\u00edna i zaraz zatrzyma si\u0119 na dworcu g\u0142\u00f3wnym w tym mie\u015bcie. Mosty, tunele, bloki mieszkalne, port rzeczny daleko w tle oraz wszystko inne w tym kadrze sprawia wra\u017cenie jakby musia\u0142o tu walczy\u0107 o sw\u00f3j skrawek terenu, a jednak ka\u017cdy z tych element\u00f3w znalaz\u0142 swoje miejsce mi\u0119dzy g\u00f3rami a rzek\u0105. 21.09.2017<\/p>\n<\/div>\n","protected":false},"excerpt":{"rendered":"<p>EC 177 &#8222;Johannes Brahms&#8221; z Hamburga-Altony do Prahy hl.n. jad\u0105c przez raczej &#8222;wioskow\u0105&#8221; okolic\u0119 mija le\u017c\u0105ce na drugim brzegu \u0141aby centrum D\u011b\u010d\u00edna i zaraz zatrzyma si\u0119 na dworcu g\u0142\u00f3wnym w tym mie\u015bcie. Mosty, tunele, bloki mieszkalne, port rzeczny daleko w tle oraz wszystko inne w tym kadrze sprawia wra\u017cenie jakby musia\u0142o tu walczy\u0107 o sw\u00f3j [&hellip;]<\/p>\n","protected":false},"author":1,"featured_media":15746,"comment_status":"open","ping_status":"","sticky":false,"template":"","format":"standard","meta":{"footnotes":""},"categories":[2,368],"tags":[656,705,50,49,655,3634,113,73,349],"class_list":["post-15745","post","type-post","status-publish","format-standard","has-post-thumbnail","hentry","category-kolej","category-rok-2017","tag-2017-09-21","tag-705","tag-cd","tag-czechy","tag-decin-hlavni-nadrazi","tag-decin-priper","tag-landszaft","tag-rzeka","tag-tab-cz090"],"_links":{"self":[{"href":"https:\/\/wgphoto.pl\/t\/index.php?rest_route=\/wp\/v2\/posts\/15745","targetHints":{"allow":["GET"]}}],"collection":[{"href":"https:\/\/wgphoto.pl\/t\/index.php?rest_route=\/wp\/v2\/posts"}],"about":[{"href":"https:\/\/wgphoto.pl\/t\/index.php?rest_route=\/wp\/v2\/types\/post"}],"author":[{"embeddable":true,"href":"https:\/\/wgphoto.pl\/t\/index.php?rest_route=\/wp\/v2\/users\/1"}],"replies":[{"embeddable":true,"href":"https:\/\/wgphoto.pl\/t\/index.php?rest_route=%2Fwp%2Fv2%2Fcomments&post=15745"}],"version-history":[{"count":1,"href":"https:\/\/wgphoto.pl\/t\/index.php?rest_route=\/wp\/v2\/posts\/15745\/revisions"}],"predecessor-version":[{"id":15747,"href":"https:\/\/wgphoto.pl\/t\/index.php?rest_route=\/wp\/v2\/posts\/15745\/revisions\/15747"}],"wp:featuredmedia":[{"embeddable":true,"href":"https:\/\/wgphoto.pl\/t\/index.php?rest_route=\/wp\/v2\/media\/15746"}],"wp:attachment":[{"href":"https:\/\/wgphoto.pl\/t\/index.php?rest_route=%2Fwp%2Fv2%2Fmedia&parent=15745"}],"wp:term":[{"taxonomy":"category","embeddable":true,"href":"https:\/\/wgphoto.pl\/t\/index.php?rest_route=%2Fwp%2Fv2%2Fcategories&post=15745"},{"taxonomy":"post_tag","embeddable":true,"href":"https:\/\/wgphoto.pl\/t\/index.php?rest_route=%2Fwp%2Fv2%2Ftags&post=15745"}],"curies":[{"name":"wp","href":"https:\/\/api.w.org\/{rel}","templated":true}]}}