{"id":1576,"date":"2024-10-04T16:56:53","date_gmt":"2024-10-04T14:56:53","guid":{"rendered":"https:\/\/wgphoto.pl\/t\/?p=1576"},"modified":"2024-10-04T16:56:53","modified_gmt":"2024-10-04T14:56:53","slug":"brak-pionu","status":"publish","type":"post","link":"https:\/\/wgphoto.pl\/t\/?p=1576","title":{"rendered":"Brak pionu"},"content":{"rendered":"\n<figure class=\"wp-block-image aligncenter size-full\"><img loading=\"lazy\" decoding=\"async\" width=\"1200\" height=\"803\" src=\"https:\/\/wgphoto.pl\/t\/wp-content\/uploads\/2024\/10\/IMGP8248.jpg\" alt=\"\" class=\"wp-image-1577\" srcset=\"https:\/\/wgphoto.pl\/t\/wp-content\/uploads\/2024\/10\/IMGP8248.jpg 1200w, https:\/\/wgphoto.pl\/t\/wp-content\/uploads\/2024\/10\/IMGP8248-300x201.jpg 300w, https:\/\/wgphoto.pl\/t\/wp-content\/uploads\/2024\/10\/IMGP8248-768x514.jpg 768w\" sizes=\"auto, (max-width: 1200px) 100vw, 1200px\" \/><\/figure>\n\n\n\n<div class=\"wp-block-group has-global-padding is-layout-constrained wp-block-group-is-layout-constrained\">\n<p>Mocno op\u00f3\u017aniony, z tego co pami\u0119tam, mi\u0119dzynarodowy nocny po\u015bpiech, prowadz\u0105cy wagony jad\u0105ce w wielu relacjach ze wschodu na zach\u00f3d, w strugach deszczu opuszcza stacj\u0119 Strzelce Kraje\u0144skie Wsch\u00f3d. 03.08.2009<\/p>\n<\/div>\n","protected":false},"excerpt":{"rendered":"<p>Mocno op\u00f3\u017aniony, z tego co pami\u0119tam, mi\u0119dzynarodowy nocny po\u015bpiech, prowadz\u0105cy wagony jad\u0105ce w wielu relacjach ze wschodu na zach\u00f3d, w strugach deszczu opuszcza stacj\u0119 Strzelce Kraje\u0144skie Wsch\u00f3d. 03.08.2009<\/p>\n","protected":false},"author":1,"featured_media":1577,"comment_status":"open","ping_status":"","sticky":false,"template":"","format":"standard","meta":{"footnotes":""},"categories":[2,169],"tags":[799,13,595,63,27,800,290,53,594],"class_list":["post-1576","post","type-post","status-publish","format-standard","has-post-thumbnail","hentry","category-kolej","category-rok-2009","tag-2009-08-03","tag-deszcz","tag-ostbahn","tag-pkp","tag-polska","tag-strzelce-krajenskie-wschod","tag-su45","tag-sygnalizacja-ksztaltowa","tag-tab-pl345"],"_links":{"self":[{"href":"https:\/\/wgphoto.pl\/t\/index.php?rest_route=\/wp\/v2\/posts\/1576","targetHints":{"allow":["GET"]}}],"collection":[{"href":"https:\/\/wgphoto.pl\/t\/index.php?rest_route=\/wp\/v2\/posts"}],"about":[{"href":"https:\/\/wgphoto.pl\/t\/index.php?rest_route=\/wp\/v2\/types\/post"}],"author":[{"embeddable":true,"href":"https:\/\/wgphoto.pl\/t\/index.php?rest_route=\/wp\/v2\/users\/1"}],"replies":[{"embeddable":true,"href":"https:\/\/wgphoto.pl\/t\/index.php?rest_route=%2Fwp%2Fv2%2Fcomments&post=1576"}],"version-history":[{"count":1,"href":"https:\/\/wgphoto.pl\/t\/index.php?rest_route=\/wp\/v2\/posts\/1576\/revisions"}],"predecessor-version":[{"id":1578,"href":"https:\/\/wgphoto.pl\/t\/index.php?rest_route=\/wp\/v2\/posts\/1576\/revisions\/1578"}],"wp:featuredmedia":[{"embeddable":true,"href":"https:\/\/wgphoto.pl\/t\/index.php?rest_route=\/wp\/v2\/media\/1577"}],"wp:attachment":[{"href":"https:\/\/wgphoto.pl\/t\/index.php?rest_route=%2Fwp%2Fv2%2Fmedia&parent=1576"}],"wp:term":[{"taxonomy":"category","embeddable":true,"href":"https:\/\/wgphoto.pl\/t\/index.php?rest_route=%2Fwp%2Fv2%2Fcategories&post=1576"},{"taxonomy":"post_tag","embeddable":true,"href":"https:\/\/wgphoto.pl\/t\/index.php?rest_route=%2Fwp%2Fv2%2Ftags&post=1576"}],"curies":[{"name":"wp","href":"https:\/\/api.w.org\/{rel}","templated":true}]}}