{"id":15760,"date":"2025-04-07T20:39:56","date_gmt":"2025-04-07T18:39:56","guid":{"rendered":"https:\/\/wgphoto.pl\/t\/?p=15760"},"modified":"2025-04-07T20:40:36","modified_gmt":"2025-04-07T18:40:36","slug":"niemieckie-porzadki","status":"publish","type":"post","link":"https:\/\/wgphoto.pl\/t\/?p=15760","title":{"rendered":"Niemieckie porz\u0105dki"},"content":{"rendered":"\n<figure class=\"wp-block-image aligncenter size-full\"><img loading=\"lazy\" decoding=\"async\" width=\"1200\" height=\"803\" src=\"https:\/\/wgphoto.pl\/t\/wp-content\/uploads\/2025\/04\/IMGP8378.jpg\" alt=\"\" class=\"wp-image-15761\" srcset=\"https:\/\/wgphoto.pl\/t\/wp-content\/uploads\/2025\/04\/IMGP8378.jpg 1200w, https:\/\/wgphoto.pl\/t\/wp-content\/uploads\/2025\/04\/IMGP8378-300x201.jpg 300w, https:\/\/wgphoto.pl\/t\/wp-content\/uploads\/2025\/04\/IMGP8378-768x514.jpg 768w\" sizes=\"auto, (max-width: 1200px) 100vw, 1200px\" \/><\/figure>\n\n\n\n<div class=\"wp-block-group has-global-padding is-layout-constrained wp-block-group-is-layout-constrained\">\n<p>Cottbus, Webschulallee. Z lewej w kadr wjecha\u0142 jaki\u015b czy\u015bcioch zbieraj\u0105cy li\u015bcie, ale w zwi\u0105zku z tym, \u017ce by\u0142y mokre oraz, co gorsza, ci\u0105gle opada\u0142y, by\u0142a to praca raczej syzyfowa. 20.10.2010<\/p>\n<\/div>\n","protected":false},"excerpt":{"rendered":"<p>Cottbus, Webschulallee. Z lewej w kadr wjecha\u0142 jaki\u015b czy\u015bcioch zbieraj\u0105cy li\u015bcie, ale w zwi\u0105zku z tym, \u017ce by\u0142y mokre oraz, co gorsza, ci\u0105gle opada\u0142y, by\u0142a to praca raczej syzyfowa. 20.10.2010<\/p>\n","protected":false},"author":1,"featured_media":15761,"comment_status":"open","ping_status":"","sticky":false,"template":"","format":"standard","meta":{"footnotes":""},"categories":[86,3],"tags":[2241,2238,2239,126,23,33,2240],"class_list":["post-15760","post","type-post","status-publish","format-standard","has-post-thumbnail","hentry","category-rok-2010","category-tramwaj","tag-2010-10-20","tag-chociebuz","tag-cv-cottbus","tag-jesien","tag-niemcy","tag-tatra-kt4","tag-tatra-ktnf"],"_links":{"self":[{"href":"https:\/\/wgphoto.pl\/t\/index.php?rest_route=\/wp\/v2\/posts\/15760","targetHints":{"allow":["GET"]}}],"collection":[{"href":"https:\/\/wgphoto.pl\/t\/index.php?rest_route=\/wp\/v2\/posts"}],"about":[{"href":"https:\/\/wgphoto.pl\/t\/index.php?rest_route=\/wp\/v2\/types\/post"}],"author":[{"embeddable":true,"href":"https:\/\/wgphoto.pl\/t\/index.php?rest_route=\/wp\/v2\/users\/1"}],"replies":[{"embeddable":true,"href":"https:\/\/wgphoto.pl\/t\/index.php?rest_route=%2Fwp%2Fv2%2Fcomments&post=15760"}],"version-history":[{"count":1,"href":"https:\/\/wgphoto.pl\/t\/index.php?rest_route=\/wp\/v2\/posts\/15760\/revisions"}],"predecessor-version":[{"id":15762,"href":"https:\/\/wgphoto.pl\/t\/index.php?rest_route=\/wp\/v2\/posts\/15760\/revisions\/15762"}],"wp:featuredmedia":[{"embeddable":true,"href":"https:\/\/wgphoto.pl\/t\/index.php?rest_route=\/wp\/v2\/media\/15761"}],"wp:attachment":[{"href":"https:\/\/wgphoto.pl\/t\/index.php?rest_route=%2Fwp%2Fv2%2Fmedia&parent=15760"}],"wp:term":[{"taxonomy":"category","embeddable":true,"href":"https:\/\/wgphoto.pl\/t\/index.php?rest_route=%2Fwp%2Fv2%2Fcategories&post=15760"},{"taxonomy":"post_tag","embeddable":true,"href":"https:\/\/wgphoto.pl\/t\/index.php?rest_route=%2Fwp%2Fv2%2Ftags&post=15760"}],"curies":[{"name":"wp","href":"https:\/\/api.w.org\/{rel}","templated":true}]}}