{"id":15763,"date":"2025-04-07T20:41:25","date_gmt":"2025-04-07T18:41:25","guid":{"rendered":"https:\/\/wgphoto.pl\/t\/?p=15763"},"modified":"2025-04-07T20:41:25","modified_gmt":"2025-04-07T18:41:25","slug":"namiot","status":"publish","type":"post","link":"https:\/\/wgphoto.pl\/t\/?p=15763","title":{"rendered":"Namiot"},"content":{"rendered":"\n<figure class=\"wp-block-image aligncenter size-full\"><img loading=\"lazy\" decoding=\"async\" width=\"1200\" height=\"803\" src=\"https:\/\/wgphoto.pl\/t\/wp-content\/uploads\/2025\/04\/IMGP8341.jpg\" alt=\"\" class=\"wp-image-15764\" srcset=\"https:\/\/wgphoto.pl\/t\/wp-content\/uploads\/2025\/04\/IMGP8341.jpg 1200w, https:\/\/wgphoto.pl\/t\/wp-content\/uploads\/2025\/04\/IMGP8341-300x201.jpg 300w, https:\/\/wgphoto.pl\/t\/wp-content\/uploads\/2025\/04\/IMGP8341-768x514.jpg 768w\" sizes=\"auto, (max-width: 1200px) 100vw, 1200px\" \/><\/figure>\n\n\n\n<div class=\"wp-block-group has-global-padding is-layout-constrained wp-block-group-is-layout-constrained\">\n<p>Cottbus, Gelsenkirchener Platz. Nie mam poj\u0119cia jak\u0105 funkcj\u0119 pe\u0142ni\u0142 ten namiot, wiem tylko \u017ce stanowi\u0142 sta\u0142y element miejscowego krajobrazu. 20.10.2010<\/p>\n<\/div>\n","protected":false},"excerpt":{"rendered":"<p>Cottbus, Gelsenkirchener Platz. Nie mam poj\u0119cia jak\u0105 funkcj\u0119 pe\u0142ni\u0142 ten namiot, wiem tylko \u017ce stanowi\u0142 sta\u0142y element miejscowego krajobrazu. 20.10.2010<\/p>\n","protected":false},"author":1,"featured_media":15764,"comment_status":"open","ping_status":"","sticky":false,"template":"","format":"standard","meta":{"footnotes":""},"categories":[86,3],"tags":[2241,2238,2239,23,33,2240],"class_list":["post-15763","post","type-post","status-publish","format-standard","has-post-thumbnail","hentry","category-rok-2010","category-tramwaj","tag-2010-10-20","tag-chociebuz","tag-cv-cottbus","tag-niemcy","tag-tatra-kt4","tag-tatra-ktnf"],"_links":{"self":[{"href":"https:\/\/wgphoto.pl\/t\/index.php?rest_route=\/wp\/v2\/posts\/15763","targetHints":{"allow":["GET"]}}],"collection":[{"href":"https:\/\/wgphoto.pl\/t\/index.php?rest_route=\/wp\/v2\/posts"}],"about":[{"href":"https:\/\/wgphoto.pl\/t\/index.php?rest_route=\/wp\/v2\/types\/post"}],"author":[{"embeddable":true,"href":"https:\/\/wgphoto.pl\/t\/index.php?rest_route=\/wp\/v2\/users\/1"}],"replies":[{"embeddable":true,"href":"https:\/\/wgphoto.pl\/t\/index.php?rest_route=%2Fwp%2Fv2%2Fcomments&post=15763"}],"version-history":[{"count":1,"href":"https:\/\/wgphoto.pl\/t\/index.php?rest_route=\/wp\/v2\/posts\/15763\/revisions"}],"predecessor-version":[{"id":15765,"href":"https:\/\/wgphoto.pl\/t\/index.php?rest_route=\/wp\/v2\/posts\/15763\/revisions\/15765"}],"wp:featuredmedia":[{"embeddable":true,"href":"https:\/\/wgphoto.pl\/t\/index.php?rest_route=\/wp\/v2\/media\/15764"}],"wp:attachment":[{"href":"https:\/\/wgphoto.pl\/t\/index.php?rest_route=%2Fwp%2Fv2%2Fmedia&parent=15763"}],"wp:term":[{"taxonomy":"category","embeddable":true,"href":"https:\/\/wgphoto.pl\/t\/index.php?rest_route=%2Fwp%2Fv2%2Fcategories&post=15763"},{"taxonomy":"post_tag","embeddable":true,"href":"https:\/\/wgphoto.pl\/t\/index.php?rest_route=%2Fwp%2Fv2%2Ftags&post=15763"}],"curies":[{"name":"wp","href":"https:\/\/api.w.org\/{rel}","templated":true}]}}