{"id":15775,"date":"2025-04-07T20:50:40","date_gmt":"2025-04-07T18:50:40","guid":{"rendered":"https:\/\/wgphoto.pl\/t\/?p=15775"},"modified":"2025-04-07T20:50:40","modified_gmt":"2025-04-07T18:50:40","slug":"mgliste-poranki","status":"publish","type":"post","link":"https:\/\/wgphoto.pl\/t\/?p=15775","title":{"rendered":"Mgliste poranki"},"content":{"rendered":"\n<figure class=\"wp-block-image aligncenter size-full\"><img loading=\"lazy\" decoding=\"async\" width=\"1200\" height=\"800\" src=\"https:\/\/wgphoto.pl\/t\/wp-content\/uploads\/2025\/04\/0338-18.jpg\" alt=\"\" class=\"wp-image-15776\" srcset=\"https:\/\/wgphoto.pl\/t\/wp-content\/uploads\/2025\/04\/0338-18.jpg 1200w, https:\/\/wgphoto.pl\/t\/wp-content\/uploads\/2025\/04\/0338-18-300x200.jpg 300w, https:\/\/wgphoto.pl\/t\/wp-content\/uploads\/2025\/04\/0338-18-768x512.jpg 768w\" sizes=\"auto, (max-width: 1200px) 100vw, 1200px\" \/><\/figure>\n\n\n\n<div class=\"wp-block-group has-global-padding is-layout-constrained wp-block-group-is-layout-constrained\">\n<p>Stodw\u00f3jka wy\u0142oni\u0142a si\u0119 z mg\u0142y i mija budynek dawnego dworca kolei w\u0105skotorowej na pl. Staszica. Foto z cyklu &#8222;w drodze do szko\u0142y&#8221;. \ud83d\ude09 25.11.2003<\/p>\n<\/div>\n","protected":false},"excerpt":{"rendered":"<p>Stodw\u00f3jka wy\u0142oni\u0142a si\u0119 z mg\u0142y i mija budynek dawnego dworca kolei w\u0105skotorowej na pl. Staszica. Foto z cyklu &#8222;w drodze do szko\u0142y&#8221;. \ud83d\ude09 25.11.2003<\/p>\n","protected":false},"author":1,"featured_media":15776,"comment_status":"open","ping_status":"","sticky":false,"template":"","format":"standard","meta":{"footnotes":""},"categories":[62,149,3],"tags":[3636,309,42,27,176,41],"class_list":["post-15775","post","type-post","status-publish","format-standard","has-post-thumbnail","hentry","category-analog","category-rok-2003","category-tramwaj","tag-2003-11-25","tag-konstal-102na","tag-mpk-wroclaw","tag-polska","tag-rano","tag-wroclaw"],"_links":{"self":[{"href":"https:\/\/wgphoto.pl\/t\/index.php?rest_route=\/wp\/v2\/posts\/15775","targetHints":{"allow":["GET"]}}],"collection":[{"href":"https:\/\/wgphoto.pl\/t\/index.php?rest_route=\/wp\/v2\/posts"}],"about":[{"href":"https:\/\/wgphoto.pl\/t\/index.php?rest_route=\/wp\/v2\/types\/post"}],"author":[{"embeddable":true,"href":"https:\/\/wgphoto.pl\/t\/index.php?rest_route=\/wp\/v2\/users\/1"}],"replies":[{"embeddable":true,"href":"https:\/\/wgphoto.pl\/t\/index.php?rest_route=%2Fwp%2Fv2%2Fcomments&post=15775"}],"version-history":[{"count":1,"href":"https:\/\/wgphoto.pl\/t\/index.php?rest_route=\/wp\/v2\/posts\/15775\/revisions"}],"predecessor-version":[{"id":15777,"href":"https:\/\/wgphoto.pl\/t\/index.php?rest_route=\/wp\/v2\/posts\/15775\/revisions\/15777"}],"wp:featuredmedia":[{"embeddable":true,"href":"https:\/\/wgphoto.pl\/t\/index.php?rest_route=\/wp\/v2\/media\/15776"}],"wp:attachment":[{"href":"https:\/\/wgphoto.pl\/t\/index.php?rest_route=%2Fwp%2Fv2%2Fmedia&parent=15775"}],"wp:term":[{"taxonomy":"category","embeddable":true,"href":"https:\/\/wgphoto.pl\/t\/index.php?rest_route=%2Fwp%2Fv2%2Fcategories&post=15775"},{"taxonomy":"post_tag","embeddable":true,"href":"https:\/\/wgphoto.pl\/t\/index.php?rest_route=%2Fwp%2Fv2%2Ftags&post=15775"}],"curies":[{"name":"wp","href":"https:\/\/api.w.org\/{rel}","templated":true}]}}