{"id":15778,"date":"2025-04-07T20:51:32","date_gmt":"2025-04-07T18:51:32","guid":{"rendered":"https:\/\/wgphoto.pl\/t\/?p=15778"},"modified":"2025-04-07T20:51:32","modified_gmt":"2025-04-07T18:51:32","slug":"barwy-maskujace","status":"publish","type":"post","link":"https:\/\/wgphoto.pl\/t\/?p=15778","title":{"rendered":"Barwy maskuj\u0105ce"},"content":{"rendered":"\n<figure class=\"wp-block-image aligncenter size-full\"><img loading=\"lazy\" decoding=\"async\" width=\"1200\" height=\"800\" src=\"https:\/\/wgphoto.pl\/t\/wp-content\/uploads\/2025\/04\/0333-28.jpg\" alt=\"\" class=\"wp-image-15779\" srcset=\"https:\/\/wgphoto.pl\/t\/wp-content\/uploads\/2025\/04\/0333-28.jpg 1200w, https:\/\/wgphoto.pl\/t\/wp-content\/uploads\/2025\/04\/0333-28-300x200.jpg 300w, https:\/\/wgphoto.pl\/t\/wp-content\/uploads\/2025\/04\/0333-28-768x512.jpg 768w\" sizes=\"auto, (max-width: 1200px) 100vw, 1200px\" \/><\/figure>\n\n\n\n<div class=\"wp-block-group has-global-padding is-layout-constrained wp-block-group-is-layout-constrained\">\n<p>SP32-148 z poci\u0105giem osobowym 7732 z Wa\u0142brzycha G\u0142. do Lubawki maskuje si\u0119 w kracie mostu nad Bobrem na szlaku S\u0119dzis\u0142aw &#8211; Kamienna G\u00f3ra. 05.09.2003<\/p>\n<\/div>\n","protected":false},"excerpt":{"rendered":"<p>SP32-148 z poci\u0105giem osobowym 7732 z Wa\u0142brzycha G\u0142. do Lubawki maskuje si\u0119 w kracie mostu nad Bobrem na szlaku S\u0119dzis\u0142aw &#8211; Kamienna G\u00f3ra. 05.09.2003<\/p>\n","protected":false},"author":1,"featured_media":15779,"comment_status":"open","ping_status":"","sticky":false,"template":"","format":"standard","meta":{"footnotes":""},"categories":[62,2,149],"tags":[3637,629,45,63,27,73,1061,385,627],"class_list":["post-15778","post","type-post","status-publish","format-standard","has-post-thumbnail","hentry","category-analog","category-kolej","category-rok-2003","tag-2003-09-05","tag-kamienna-gora","tag-most","tag-pkp","tag-polska","tag-rzeka","tag-sedzislaw","tag-sp32","tag-tab-pl247"],"_links":{"self":[{"href":"https:\/\/wgphoto.pl\/t\/index.php?rest_route=\/wp\/v2\/posts\/15778","targetHints":{"allow":["GET"]}}],"collection":[{"href":"https:\/\/wgphoto.pl\/t\/index.php?rest_route=\/wp\/v2\/posts"}],"about":[{"href":"https:\/\/wgphoto.pl\/t\/index.php?rest_route=\/wp\/v2\/types\/post"}],"author":[{"embeddable":true,"href":"https:\/\/wgphoto.pl\/t\/index.php?rest_route=\/wp\/v2\/users\/1"}],"replies":[{"embeddable":true,"href":"https:\/\/wgphoto.pl\/t\/index.php?rest_route=%2Fwp%2Fv2%2Fcomments&post=15778"}],"version-history":[{"count":1,"href":"https:\/\/wgphoto.pl\/t\/index.php?rest_route=\/wp\/v2\/posts\/15778\/revisions"}],"predecessor-version":[{"id":15780,"href":"https:\/\/wgphoto.pl\/t\/index.php?rest_route=\/wp\/v2\/posts\/15778\/revisions\/15780"}],"wp:featuredmedia":[{"embeddable":true,"href":"https:\/\/wgphoto.pl\/t\/index.php?rest_route=\/wp\/v2\/media\/15779"}],"wp:attachment":[{"href":"https:\/\/wgphoto.pl\/t\/index.php?rest_route=%2Fwp%2Fv2%2Fmedia&parent=15778"}],"wp:term":[{"taxonomy":"category","embeddable":true,"href":"https:\/\/wgphoto.pl\/t\/index.php?rest_route=%2Fwp%2Fv2%2Fcategories&post=15778"},{"taxonomy":"post_tag","embeddable":true,"href":"https:\/\/wgphoto.pl\/t\/index.php?rest_route=%2Fwp%2Fv2%2Ftags&post=15778"}],"curies":[{"name":"wp","href":"https:\/\/api.w.org\/{rel}","templated":true}]}}