{"id":15808,"date":"2025-04-07T21:00:41","date_gmt":"2025-04-07T19:00:41","guid":{"rendered":"https:\/\/wgphoto.pl\/t\/?p=15808"},"modified":"2025-04-07T21:00:41","modified_gmt":"2025-04-07T19:00:41","slug":"zielono-w-starych-juchach","status":"publish","type":"post","link":"https:\/\/wgphoto.pl\/t\/?p=15808","title":{"rendered":"Zielono w Starych Juchach"},"content":{"rendered":"\n<figure class=\"wp-block-image aligncenter size-full\"><img loading=\"lazy\" decoding=\"async\" width=\"1200\" height=\"803\" src=\"https:\/\/wgphoto.pl\/t\/wp-content\/uploads\/2025\/04\/IMGP6878.jpg\" alt=\"\" class=\"wp-image-15809\" srcset=\"https:\/\/wgphoto.pl\/t\/wp-content\/uploads\/2025\/04\/IMGP6878.jpg 1200w, https:\/\/wgphoto.pl\/t\/wp-content\/uploads\/2025\/04\/IMGP6878-300x201.jpg 300w, https:\/\/wgphoto.pl\/t\/wp-content\/uploads\/2025\/04\/IMGP6878-768x514.jpg 768w\" sizes=\"auto, (max-width: 1200px) 100vw, 1200px\" \/><\/figure>\n\n\n\n<div class=\"wp-block-group has-global-padding is-layout-constrained wp-block-group-is-layout-constrained\">\n<p>Nie, to nie jest osobowy z Olsztyna. Nocny poci\u0105g pospieszny 65500 &#8222;Niegocin&#8221; z Wroc\u0142awia G\u0142. do E\u0142ku zaraz zatrzyma si\u0119 na przedostatnim postoju na swojej d\u0142ugiej trasie. 13.07.2009<\/p>\n<\/div>\n","protected":false},"excerpt":{"rendered":"<p>Nie, to nie jest osobowy z Olsztyna. Nocny poci\u0105g pospieszny 65500 &#8222;Niegocin&#8221; z Wroc\u0142awia G\u0142. do E\u0142ku zaraz zatrzyma si\u0119 na przedostatnim postoju na swojej d\u0142ugiej trasie. 13.07.2009<\/p>\n","protected":false},"author":1,"featured_media":15809,"comment_status":"open","ping_status":"","sticky":false,"template":"","format":"standard","meta":{"footnotes":""},"categories":[2,169],"tags":[541,63,27,1751,53,322,533],"class_list":["post-15808","post","type-post","status-publish","format-standard","has-post-thumbnail","hentry","category-kolej","category-rok-2009","tag-2009-07-13","tag-pkp","tag-polska","tag-stare-juchy","tag-sygnalizacja-ksztaltowa","tag-tab-pl510","tag-z-sokolki-do-mlynar-2009"],"_links":{"self":[{"href":"https:\/\/wgphoto.pl\/t\/index.php?rest_route=\/wp\/v2\/posts\/15808","targetHints":{"allow":["GET"]}}],"collection":[{"href":"https:\/\/wgphoto.pl\/t\/index.php?rest_route=\/wp\/v2\/posts"}],"about":[{"href":"https:\/\/wgphoto.pl\/t\/index.php?rest_route=\/wp\/v2\/types\/post"}],"author":[{"embeddable":true,"href":"https:\/\/wgphoto.pl\/t\/index.php?rest_route=\/wp\/v2\/users\/1"}],"replies":[{"embeddable":true,"href":"https:\/\/wgphoto.pl\/t\/index.php?rest_route=%2Fwp%2Fv2%2Fcomments&post=15808"}],"version-history":[{"count":1,"href":"https:\/\/wgphoto.pl\/t\/index.php?rest_route=\/wp\/v2\/posts\/15808\/revisions"}],"predecessor-version":[{"id":15810,"href":"https:\/\/wgphoto.pl\/t\/index.php?rest_route=\/wp\/v2\/posts\/15808\/revisions\/15810"}],"wp:featuredmedia":[{"embeddable":true,"href":"https:\/\/wgphoto.pl\/t\/index.php?rest_route=\/wp\/v2\/media\/15809"}],"wp:attachment":[{"href":"https:\/\/wgphoto.pl\/t\/index.php?rest_route=%2Fwp%2Fv2%2Fmedia&parent=15808"}],"wp:term":[{"taxonomy":"category","embeddable":true,"href":"https:\/\/wgphoto.pl\/t\/index.php?rest_route=%2Fwp%2Fv2%2Fcategories&post=15808"},{"taxonomy":"post_tag","embeddable":true,"href":"https:\/\/wgphoto.pl\/t\/index.php?rest_route=%2Fwp%2Fv2%2Ftags&post=15808"}],"curies":[{"name":"wp","href":"https:\/\/api.w.org\/{rel}","templated":true}]}}