{"id":15811,"date":"2025-04-07T21:01:47","date_gmt":"2025-04-07T19:01:47","guid":{"rendered":"https:\/\/wgphoto.pl\/t\/?p=15811"},"modified":"2025-04-07T21:01:47","modified_gmt":"2025-04-07T19:01:47","slug":"krotka-historia-o-janie-vodicce","status":"publish","type":"post","link":"https:\/\/wgphoto.pl\/t\/?p=15811","title":{"rendered":"Kr\u00f3tka historia o Janie Vodi\u010dce"},"content":{"rendered":"\n<figure class=\"wp-block-image aligncenter size-full\"><img loading=\"lazy\" decoding=\"async\" width=\"1200\" height=\"795\" src=\"https:\/\/wgphoto.pl\/t\/wp-content\/uploads\/2025\/04\/IMGP3785.jpg\" alt=\"\" class=\"wp-image-15812\" srcset=\"https:\/\/wgphoto.pl\/t\/wp-content\/uploads\/2025\/04\/IMGP3785.jpg 1200w, https:\/\/wgphoto.pl\/t\/wp-content\/uploads\/2025\/04\/IMGP3785-300x199.jpg 300w, https:\/\/wgphoto.pl\/t\/wp-content\/uploads\/2025\/04\/IMGP3785-768x509.jpg 768w\" sizes=\"auto, (max-width: 1200px) 100vw, 1200px\" \/><\/figure>\n\n\n\n<div class=\"wp-block-group has-global-padding is-layout-constrained wp-block-group-is-layout-constrained\">\n<p>Tatra na ulicy Vodi\u010dkovej, nazwanej na cze\u015b\u0107 Jana Vodi\u010dky, bogatego rze\u017anika \u017cyj\u0105cego w XV wieku i mieszkaj\u0105cego w najokazalszej kamienicy przy tej ulicy (nie chodzi akurat o t\u0119 ze zdj\u0119cia). Nazw\u0119 nadano podobno nied\u0142ugo po jego \u015bmierci, zatem \u0142atwo policzy\u0107, \u017ce ulica ta ma jednakowego patrona od 500 lat. 01.04.2014<\/p>\n<\/div>\n","protected":false},"excerpt":{"rendered":"<p>Tatra na ulicy Vodi\u010dkovej, nazwanej na cze\u015b\u0107 Jana Vodi\u010dky, bogatego rze\u017anika \u017cyj\u0105cego w XV wieku i mieszkaj\u0105cego w najokazalszej kamienicy przy tej ulicy (nie chodzi akurat o t\u0119 ze zdj\u0119cia). Nazw\u0119 nadano podobno nied\u0142ugo po jego \u015bmierci, zatem \u0142atwo policzy\u0107, \u017ce ulica ta ma jednakowego patrona od 500 lat. 01.04.2014<\/p>\n","protected":false},"author":1,"featured_media":15812,"comment_status":"open","ping_status":"","sticky":false,"template":"","format":"standard","meta":{"footnotes":""},"categories":[48,3],"tags":[702,34,49,1049,52,841,90],"class_list":["post-15811","post","type-post","status-publish","format-standard","has-post-thumbnail","hentry","category-rok-2014","category-tramwaj","tag-2014-04-01","tag-architektura","tag-czechy","tag-dp-praha","tag-praga","tag-tatra-t6","tag-wieczorem"],"_links":{"self":[{"href":"https:\/\/wgphoto.pl\/t\/index.php?rest_route=\/wp\/v2\/posts\/15811","targetHints":{"allow":["GET"]}}],"collection":[{"href":"https:\/\/wgphoto.pl\/t\/index.php?rest_route=\/wp\/v2\/posts"}],"about":[{"href":"https:\/\/wgphoto.pl\/t\/index.php?rest_route=\/wp\/v2\/types\/post"}],"author":[{"embeddable":true,"href":"https:\/\/wgphoto.pl\/t\/index.php?rest_route=\/wp\/v2\/users\/1"}],"replies":[{"embeddable":true,"href":"https:\/\/wgphoto.pl\/t\/index.php?rest_route=%2Fwp%2Fv2%2Fcomments&post=15811"}],"version-history":[{"count":1,"href":"https:\/\/wgphoto.pl\/t\/index.php?rest_route=\/wp\/v2\/posts\/15811\/revisions"}],"predecessor-version":[{"id":15813,"href":"https:\/\/wgphoto.pl\/t\/index.php?rest_route=\/wp\/v2\/posts\/15811\/revisions\/15813"}],"wp:featuredmedia":[{"embeddable":true,"href":"https:\/\/wgphoto.pl\/t\/index.php?rest_route=\/wp\/v2\/media\/15812"}],"wp:attachment":[{"href":"https:\/\/wgphoto.pl\/t\/index.php?rest_route=%2Fwp%2Fv2%2Fmedia&parent=15811"}],"wp:term":[{"taxonomy":"category","embeddable":true,"href":"https:\/\/wgphoto.pl\/t\/index.php?rest_route=%2Fwp%2Fv2%2Fcategories&post=15811"},{"taxonomy":"post_tag","embeddable":true,"href":"https:\/\/wgphoto.pl\/t\/index.php?rest_route=%2Fwp%2Fv2%2Ftags&post=15811"}],"curies":[{"name":"wp","href":"https:\/\/api.w.org\/{rel}","templated":true}]}}