{"id":15829,"date":"2025-04-07T21:07:53","date_gmt":"2025-04-07T19:07:53","guid":{"rendered":"https:\/\/wgphoto.pl\/t\/?p=15829"},"modified":"2025-04-07T21:07:53","modified_gmt":"2025-04-07T19:07:53","slug":"lisciopad-2","status":"publish","type":"post","link":"https:\/\/wgphoto.pl\/t\/?p=15829","title":{"rendered":"Li\u015bciopad"},"content":{"rendered":"\n<figure class=\"wp-block-image aligncenter size-full\"><img loading=\"lazy\" decoding=\"async\" width=\"1200\" height=\"795\" src=\"https:\/\/wgphoto.pl\/t\/wp-content\/uploads\/2025\/04\/IMGP4555.jpg\" alt=\"\" class=\"wp-image-15830\" srcset=\"https:\/\/wgphoto.pl\/t\/wp-content\/uploads\/2025\/04\/IMGP4555.jpg 1200w, https:\/\/wgphoto.pl\/t\/wp-content\/uploads\/2025\/04\/IMGP4555-300x199.jpg 300w, https:\/\/wgphoto.pl\/t\/wp-content\/uploads\/2025\/04\/IMGP4555-768x509.jpg 768w\" sizes=\"auto, (max-width: 1200px) 100vw, 1200px\" \/><\/figure>\n\n\n\n<div class=\"wp-block-group has-global-padding is-layout-constrained wp-block-group-is-layout-constrained\">\n<p>Pogoda tego dnia by\u0142a wietrzna, wi\u0119c suche li\u015bcie opadaj\u0105ce z platan\u00f3w sta\u0142y si\u0119 jeszcze bardziej wredne (to jedne z najbardziej &#8222;\u015bliskich&#8221; li\u015bci &#8211; jesieni\u0105 platanowe aleje s\u0105 dla tramwaj\u00f3w fatalne). Samochody przerzuca\u0142y je na torowisko, a tramwaje na jezdni\u0119. Piasecznice by\u0142y na tym odcinku u\u017cywane non stop na rozruchu i hamowaniu (st\u0105d te\u017c kurzawa za tramwajem), przez otwarte okna do pojazd\u00f3w wpada\u0142o tyle py\u0142u, \u017ce ludzie, nie mog\u0105c oddycha\u0107, uciekali. Ja te\u017c wysiad\u0142em, ale po to, by pokaza\u0107 to jako\u015b na zdj\u0119ciu. W nosie mia\u0142em tyle py\u0142u jakbym przez godzin\u0119 przerzuca\u0142 \u0142opat\u0105 w\u0119giel albo g\u0142adzi\u0142 tynk na \u015bcianie. 22.10.2017<\/p>\n<\/div>\n","protected":false},"excerpt":{"rendered":"<p>Pogoda tego dnia by\u0142a wietrzna, wi\u0119c suche li\u015bcie opadaj\u0105ce z platan\u00f3w sta\u0142y si\u0119 jeszcze bardziej wredne (to jedne z najbardziej &#8222;\u015bliskich&#8221; li\u015bci &#8211; jesieni\u0105 platanowe aleje s\u0105 dla tramwaj\u00f3w fatalne). Samochody przerzuca\u0142y je na torowisko, a tramwaje na jezdni\u0119. Piasecznice by\u0142y na tym odcinku u\u017cywane non stop na rozruchu i hamowaniu (st\u0105d te\u017c kurzawa za [&hellip;]<\/p>\n","protected":false},"author":1,"featured_media":15830,"comment_status":"open","ping_status":"","sticky":false,"template":"","format":"standard","meta":{"footnotes":""},"categories":[368,3],"tags":[1318,1316,126,832,1317,110],"class_list":["post-15829","post","type-post","status-publish","format-standard","has-post-thumbnail","hentry","category-rok-2017","category-tramwaj","tag-2017-10-22","tag-gtt-torino","tag-jesien","tag-mediolan-2017","tag-turyn","tag-wlochy"],"_links":{"self":[{"href":"https:\/\/wgphoto.pl\/t\/index.php?rest_route=\/wp\/v2\/posts\/15829","targetHints":{"allow":["GET"]}}],"collection":[{"href":"https:\/\/wgphoto.pl\/t\/index.php?rest_route=\/wp\/v2\/posts"}],"about":[{"href":"https:\/\/wgphoto.pl\/t\/index.php?rest_route=\/wp\/v2\/types\/post"}],"author":[{"embeddable":true,"href":"https:\/\/wgphoto.pl\/t\/index.php?rest_route=\/wp\/v2\/users\/1"}],"replies":[{"embeddable":true,"href":"https:\/\/wgphoto.pl\/t\/index.php?rest_route=%2Fwp%2Fv2%2Fcomments&post=15829"}],"version-history":[{"count":1,"href":"https:\/\/wgphoto.pl\/t\/index.php?rest_route=\/wp\/v2\/posts\/15829\/revisions"}],"predecessor-version":[{"id":15831,"href":"https:\/\/wgphoto.pl\/t\/index.php?rest_route=\/wp\/v2\/posts\/15829\/revisions\/15831"}],"wp:featuredmedia":[{"embeddable":true,"href":"https:\/\/wgphoto.pl\/t\/index.php?rest_route=\/wp\/v2\/media\/15830"}],"wp:attachment":[{"href":"https:\/\/wgphoto.pl\/t\/index.php?rest_route=%2Fwp%2Fv2%2Fmedia&parent=15829"}],"wp:term":[{"taxonomy":"category","embeddable":true,"href":"https:\/\/wgphoto.pl\/t\/index.php?rest_route=%2Fwp%2Fv2%2Fcategories&post=15829"},{"taxonomy":"post_tag","embeddable":true,"href":"https:\/\/wgphoto.pl\/t\/index.php?rest_route=%2Fwp%2Fv2%2Ftags&post=15829"}],"curies":[{"name":"wp","href":"https:\/\/api.w.org\/{rel}","templated":true}]}}