{"id":15832,"date":"2025-04-07T21:08:40","date_gmt":"2025-04-07T19:08:40","guid":{"rendered":"https:\/\/wgphoto.pl\/t\/?p=15832"},"modified":"2025-04-07T21:08:40","modified_gmt":"2025-04-07T19:08:40","slug":"pankrac","status":"publish","type":"post","link":"https:\/\/wgphoto.pl\/t\/?p=15832","title":{"rendered":"Pankr\u00e1c"},"content":{"rendered":"\n<figure class=\"wp-block-image aligncenter size-full\"><img loading=\"lazy\" decoding=\"async\" width=\"1200\" height=\"803\" src=\"https:\/\/wgphoto.pl\/t\/wp-content\/uploads\/2025\/04\/IMGP1836-1.jpg\" alt=\"\" class=\"wp-image-15833\" srcset=\"https:\/\/wgphoto.pl\/t\/wp-content\/uploads\/2025\/04\/IMGP1836-1.jpg 1200w, https:\/\/wgphoto.pl\/t\/wp-content\/uploads\/2025\/04\/IMGP1836-1-300x201.jpg 300w, https:\/\/wgphoto.pl\/t\/wp-content\/uploads\/2025\/04\/IMGP1836-1-768x514.jpg 768w\" sizes=\"auto, (max-width: 1200px) 100vw, 1200px\" \/><\/figure>\n\n\n\n<div class=\"wp-block-group has-global-padding is-layout-constrained wp-block-group-is-layout-constrained\">\n<p>Praga, ul. Na Vesel\u00ed. Tatry min\u0119\u0142y bezkolizyjne skrzy\u017cowanie z wylot\u00f3wk\u0105 w stron\u0119 autostrady i zaraz dojad\u0105 do p\u0119tli przy zajezdni Pankr\u00e1c. 08.07.2011<\/p>\n<\/div>\n","protected":false},"excerpt":{"rendered":"<p>Praga, ul. Na Vesel\u00ed. Tatry min\u0119\u0142y bezkolizyjne skrzy\u017cowanie z wylot\u00f3wk\u0105 w stron\u0119 autostrady i zaraz dojad\u0105 do p\u0119tli przy zajezdni Pankr\u00e1c. 08.07.2011<\/p>\n","protected":false},"author":1,"featured_media":15833,"comment_status":"open","ping_status":"","sticky":false,"template":"","format":"standard","meta":{"footnotes":""},"categories":[77,3],"tags":[2976,49,1049,118,52,1011],"class_list":["post-15832","post","type-post","status-publish","format-standard","has-post-thumbnail","hentry","category-rok-2011","category-tramwaj","tag-2011-07-08","tag-czechy","tag-dp-praha","tag-plany-i-profile","tag-praga","tag-tatra-t3"],"_links":{"self":[{"href":"https:\/\/wgphoto.pl\/t\/index.php?rest_route=\/wp\/v2\/posts\/15832","targetHints":{"allow":["GET"]}}],"collection":[{"href":"https:\/\/wgphoto.pl\/t\/index.php?rest_route=\/wp\/v2\/posts"}],"about":[{"href":"https:\/\/wgphoto.pl\/t\/index.php?rest_route=\/wp\/v2\/types\/post"}],"author":[{"embeddable":true,"href":"https:\/\/wgphoto.pl\/t\/index.php?rest_route=\/wp\/v2\/users\/1"}],"replies":[{"embeddable":true,"href":"https:\/\/wgphoto.pl\/t\/index.php?rest_route=%2Fwp%2Fv2%2Fcomments&post=15832"}],"version-history":[{"count":1,"href":"https:\/\/wgphoto.pl\/t\/index.php?rest_route=\/wp\/v2\/posts\/15832\/revisions"}],"predecessor-version":[{"id":15834,"href":"https:\/\/wgphoto.pl\/t\/index.php?rest_route=\/wp\/v2\/posts\/15832\/revisions\/15834"}],"wp:featuredmedia":[{"embeddable":true,"href":"https:\/\/wgphoto.pl\/t\/index.php?rest_route=\/wp\/v2\/media\/15833"}],"wp:attachment":[{"href":"https:\/\/wgphoto.pl\/t\/index.php?rest_route=%2Fwp%2Fv2%2Fmedia&parent=15832"}],"wp:term":[{"taxonomy":"category","embeddable":true,"href":"https:\/\/wgphoto.pl\/t\/index.php?rest_route=%2Fwp%2Fv2%2Fcategories&post=15832"},{"taxonomy":"post_tag","embeddable":true,"href":"https:\/\/wgphoto.pl\/t\/index.php?rest_route=%2Fwp%2Fv2%2Ftags&post=15832"}],"curies":[{"name":"wp","href":"https:\/\/api.w.org\/{rel}","templated":true}]}}