{"id":15835,"date":"2025-04-07T21:09:36","date_gmt":"2025-04-07T19:09:36","guid":{"rendered":"https:\/\/wgphoto.pl\/t\/?p=15835"},"modified":"2025-04-07T21:09:36","modified_gmt":"2025-04-07T19:09:36","slug":"typowa-praga","status":"publish","type":"post","link":"https:\/\/wgphoto.pl\/t\/?p=15835","title":{"rendered":"Typowa Praga"},"content":{"rendered":"\n<figure class=\"wp-block-image aligncenter size-full\"><img loading=\"lazy\" decoding=\"async\" width=\"1200\" height=\"803\" src=\"https:\/\/wgphoto.pl\/t\/wp-content\/uploads\/2025\/04\/IMGP1852.jpg\" alt=\"\" class=\"wp-image-15836\" srcset=\"https:\/\/wgphoto.pl\/t\/wp-content\/uploads\/2025\/04\/IMGP1852.jpg 1200w, https:\/\/wgphoto.pl\/t\/wp-content\/uploads\/2025\/04\/IMGP1852-300x201.jpg 300w, https:\/\/wgphoto.pl\/t\/wp-content\/uploads\/2025\/04\/IMGP1852-768x514.jpg 768w\" sizes=\"auto, (max-width: 1200px) 100vw, 1200px\" \/><\/figure>\n\n\n\n<div class=\"wp-block-group has-global-padding is-layout-constrained wp-block-group-is-layout-constrained\">\n<p>Nowa \u0160koda zaraz zatrzyma si\u0119 na przystanku na placu braci Otto i Viktora Synk\u00f3w, czechos\u0142owackich komunistycznych dziennikarzy i polityk\u00f3w, zamordowanych przez nazist\u00f3w podczas II wojny \u015bwiatowej. Niby stara, niby \u0142adna architektura, ale jednak lekki nieporz\u0105dek, a kolorystycznie troch\u0119 bezgu\u015bcie. To typowy krajobraz praskiego \u015br\u00f3dmie\u015bcia. 08.07.2011<\/p>\n<\/div>\n","protected":false},"excerpt":{"rendered":"<p>Nowa \u0160koda zaraz zatrzyma si\u0119 na przystanku na placu braci Otto i Viktora Synk\u00f3w, czechos\u0142owackich komunistycznych dziennikarzy i polityk\u00f3w, zamordowanych przez nazist\u00f3w podczas II wojny \u015bwiatowej. Niby stara, niby \u0142adna architektura, ale jednak lekki nieporz\u0105dek, a kolorystycznie troch\u0119 bezgu\u015bcie. To typowy krajobraz praskiego \u015br\u00f3dmie\u015bcia. 08.07.2011<\/p>\n","protected":false},"author":1,"featured_media":15836,"comment_status":"open","ping_status":"","sticky":false,"template":"","format":"standard","meta":{"footnotes":""},"categories":[77,3],"tags":[2976,49,1049,52,95],"class_list":["post-15835","post","type-post","status-publish","format-standard","has-post-thumbnail","hentry","category-rok-2011","category-tramwaj","tag-2011-07-08","tag-czechy","tag-dp-praha","tag-praga","tag-skoda-15t"],"_links":{"self":[{"href":"https:\/\/wgphoto.pl\/t\/index.php?rest_route=\/wp\/v2\/posts\/15835","targetHints":{"allow":["GET"]}}],"collection":[{"href":"https:\/\/wgphoto.pl\/t\/index.php?rest_route=\/wp\/v2\/posts"}],"about":[{"href":"https:\/\/wgphoto.pl\/t\/index.php?rest_route=\/wp\/v2\/types\/post"}],"author":[{"embeddable":true,"href":"https:\/\/wgphoto.pl\/t\/index.php?rest_route=\/wp\/v2\/users\/1"}],"replies":[{"embeddable":true,"href":"https:\/\/wgphoto.pl\/t\/index.php?rest_route=%2Fwp%2Fv2%2Fcomments&post=15835"}],"version-history":[{"count":1,"href":"https:\/\/wgphoto.pl\/t\/index.php?rest_route=\/wp\/v2\/posts\/15835\/revisions"}],"predecessor-version":[{"id":15837,"href":"https:\/\/wgphoto.pl\/t\/index.php?rest_route=\/wp\/v2\/posts\/15835\/revisions\/15837"}],"wp:featuredmedia":[{"embeddable":true,"href":"https:\/\/wgphoto.pl\/t\/index.php?rest_route=\/wp\/v2\/media\/15836"}],"wp:attachment":[{"href":"https:\/\/wgphoto.pl\/t\/index.php?rest_route=%2Fwp%2Fv2%2Fmedia&parent=15835"}],"wp:term":[{"taxonomy":"category","embeddable":true,"href":"https:\/\/wgphoto.pl\/t\/index.php?rest_route=%2Fwp%2Fv2%2Fcategories&post=15835"},{"taxonomy":"post_tag","embeddable":true,"href":"https:\/\/wgphoto.pl\/t\/index.php?rest_route=%2Fwp%2Fv2%2Ftags&post=15835"}],"curies":[{"name":"wp","href":"https:\/\/api.w.org\/{rel}","templated":true}]}}