{"id":15838,"date":"2025-04-07T21:10:27","date_gmt":"2025-04-07T19:10:27","guid":{"rendered":"https:\/\/wgphoto.pl\/t\/?p=15838"},"modified":"2025-04-07T21:10:27","modified_gmt":"2025-04-07T19:10:27","slug":"sklejka-jednak-nie","status":"publish","type":"post","link":"https:\/\/wgphoto.pl\/t\/?p=15838","title":{"rendered":"Sklejka jednak nie"},"content":{"rendered":"\n<figure class=\"wp-block-image aligncenter size-full\"><img loading=\"lazy\" decoding=\"async\" width=\"1200\" height=\"803\" src=\"https:\/\/wgphoto.pl\/t\/wp-content\/uploads\/2025\/04\/IMGP1856.jpg\" alt=\"\" class=\"wp-image-15839\" srcset=\"https:\/\/wgphoto.pl\/t\/wp-content\/uploads\/2025\/04\/IMGP1856.jpg 1200w, https:\/\/wgphoto.pl\/t\/wp-content\/uploads\/2025\/04\/IMGP1856-300x201.jpg 300w, https:\/\/wgphoto.pl\/t\/wp-content\/uploads\/2025\/04\/IMGP1856-768x514.jpg 768w\" sizes=\"auto, (max-width: 1200px) 100vw, 1200px\" \/><\/figure>\n\n\n\n<div class=\"wp-block-group has-global-padding is-layout-constrained wp-block-group-is-layout-constrained\">\n<p>Wn\u0119trze \u0160kody 15T w ca\u0142ej okaza\u0142o\u015bci. DPP, podobnie jak wielu innych przewo\u017anik\u00f3w, zniech\u0119cony do\u015bwiadczeniami z siedzeniami tapicerowanymi, do nowych tramwaj\u00f3w za\u017cyczy\u0142 sobie foteli wandaloodpornych i \u0142atwych w utrzymaniu czysto\u015bci. Zdaje si\u0119, \u017ce nie przetrwa\u0142y pr\u00f3by czasu i do nowszych pojazd\u00f3w wk\u0142adane s\u0105 ju\u017c jakie\u015b plastiki. 08.07.2011<\/p>\n<\/div>\n","protected":false},"excerpt":{"rendered":"<p>Wn\u0119trze \u0160kody 15T w ca\u0142ej okaza\u0142o\u015bci. DPP, podobnie jak wielu innych przewo\u017anik\u00f3w, zniech\u0119cony do\u015bwiadczeniami z siedzeniami tapicerowanymi, do nowych tramwaj\u00f3w za\u017cyczy\u0142 sobie foteli wandaloodpornych i \u0142atwych w utrzymaniu czysto\u015bci. Zdaje si\u0119, \u017ce nie przetrwa\u0142y pr\u00f3by czasu i do nowszych pojazd\u00f3w wk\u0142adane s\u0105 ju\u017c jakie\u015b plastiki. 08.07.2011<\/p>\n","protected":false},"author":1,"featured_media":15839,"comment_status":"open","ping_status":"","sticky":false,"template":"","format":"standard","meta":{"footnotes":""},"categories":[220,77,3],"tags":[2976,49,1049,52,95,454],"class_list":["post-15838","post","type-post","status-publish","format-standard","has-post-thumbnail","hentry","category-blo","category-rok-2011","category-tramwaj","tag-2011-07-08","tag-czechy","tag-dp-praha","tag-praga","tag-skoda-15t","tag-wnetrza-pojazdow"],"_links":{"self":[{"href":"https:\/\/wgphoto.pl\/t\/index.php?rest_route=\/wp\/v2\/posts\/15838","targetHints":{"allow":["GET"]}}],"collection":[{"href":"https:\/\/wgphoto.pl\/t\/index.php?rest_route=\/wp\/v2\/posts"}],"about":[{"href":"https:\/\/wgphoto.pl\/t\/index.php?rest_route=\/wp\/v2\/types\/post"}],"author":[{"embeddable":true,"href":"https:\/\/wgphoto.pl\/t\/index.php?rest_route=\/wp\/v2\/users\/1"}],"replies":[{"embeddable":true,"href":"https:\/\/wgphoto.pl\/t\/index.php?rest_route=%2Fwp%2Fv2%2Fcomments&post=15838"}],"version-history":[{"count":1,"href":"https:\/\/wgphoto.pl\/t\/index.php?rest_route=\/wp\/v2\/posts\/15838\/revisions"}],"predecessor-version":[{"id":15840,"href":"https:\/\/wgphoto.pl\/t\/index.php?rest_route=\/wp\/v2\/posts\/15838\/revisions\/15840"}],"wp:featuredmedia":[{"embeddable":true,"href":"https:\/\/wgphoto.pl\/t\/index.php?rest_route=\/wp\/v2\/media\/15839"}],"wp:attachment":[{"href":"https:\/\/wgphoto.pl\/t\/index.php?rest_route=%2Fwp%2Fv2%2Fmedia&parent=15838"}],"wp:term":[{"taxonomy":"category","embeddable":true,"href":"https:\/\/wgphoto.pl\/t\/index.php?rest_route=%2Fwp%2Fv2%2Fcategories&post=15838"},{"taxonomy":"post_tag","embeddable":true,"href":"https:\/\/wgphoto.pl\/t\/index.php?rest_route=%2Fwp%2Fv2%2Ftags&post=15838"}],"curies":[{"name":"wp","href":"https:\/\/api.w.org\/{rel}","templated":true}]}}