{"id":15850,"date":"2025-04-07T21:14:17","date_gmt":"2025-04-07T19:14:17","guid":{"rendered":"https:\/\/wgphoto.pl\/t\/?p=15850"},"modified":"2025-04-07T21:14:17","modified_gmt":"2025-04-07T19:14:17","slug":"czy-jedzie-z-nami-maszynista","status":"publish","type":"post","link":"https:\/\/wgphoto.pl\/t\/?p=15850","title":{"rendered":"Czy jedzie z nami maszynista?"},"content":{"rendered":"\n<figure class=\"wp-block-image aligncenter size-full\"><img loading=\"lazy\" decoding=\"async\" width=\"1200\" height=\"795\" src=\"https:\/\/wgphoto.pl\/t\/wp-content\/uploads\/2025\/04\/IMGP4700.jpg\" alt=\"\" class=\"wp-image-15851\" srcset=\"https:\/\/wgphoto.pl\/t\/wp-content\/uploads\/2025\/04\/IMGP4700.jpg 1200w, https:\/\/wgphoto.pl\/t\/wp-content\/uploads\/2025\/04\/IMGP4700-300x199.jpg 300w, https:\/\/wgphoto.pl\/t\/wp-content\/uploads\/2025\/04\/IMGP4700-768x509.jpg 768w\" sizes=\"auto, (max-width: 1200px) 100vw, 1200px\" \/><\/figure>\n\n\n\n<div class=\"wp-block-group has-global-padding is-layout-constrained wp-block-group-is-layout-constrained\">\n<p>Bezobs\u0142ugowe metro umo\u017cliwia podziwianie tuneli z perspektywy maszynisty. To akurat foto z ko\u0144ca sk\u0142adu, bo fotele z przodu s\u0105 zazwyczaj zaj\u0119te &#8211; nawet lokalsom si\u0119 jeszcze nie znudzi\u0142o patrzenie w czarn\u0105 dziur\u0119. \ud83d\ude09 23.10.2017<\/p>\n<\/div>\n","protected":false},"excerpt":{"rendered":"<p>Bezobs\u0142ugowe metro umo\u017cliwia podziwianie tuneli z perspektywy maszynisty. To akurat foto z ko\u0144ca sk\u0142adu, bo fotele z przodu s\u0105 zazwyczaj zaj\u0119te &#8211; nawet lokalsom si\u0119 jeszcze nie znudzi\u0142o patrzenie w czarn\u0105 dziur\u0119. \ud83d\ude09 23.10.2017<\/p>\n","protected":false},"author":1,"featured_media":15851,"comment_status":"open","ping_status":"","sticky":false,"template":"","format":"standard","meta":{"footnotes":""},"categories":[220,4,368],"tags":[836,834,832,2999,15,110],"class_list":["post-15850","post","type-post","status-publish","format-standard","has-post-thumbnail","hentry","category-blo","category-metro","category-rok-2017","tag-2017-10-23","tag-atm-milano","tag-mediolan-2017","tag-metropolitana-di-milano","tag-tunel","tag-wlochy"],"_links":{"self":[{"href":"https:\/\/wgphoto.pl\/t\/index.php?rest_route=\/wp\/v2\/posts\/15850","targetHints":{"allow":["GET"]}}],"collection":[{"href":"https:\/\/wgphoto.pl\/t\/index.php?rest_route=\/wp\/v2\/posts"}],"about":[{"href":"https:\/\/wgphoto.pl\/t\/index.php?rest_route=\/wp\/v2\/types\/post"}],"author":[{"embeddable":true,"href":"https:\/\/wgphoto.pl\/t\/index.php?rest_route=\/wp\/v2\/users\/1"}],"replies":[{"embeddable":true,"href":"https:\/\/wgphoto.pl\/t\/index.php?rest_route=%2Fwp%2Fv2%2Fcomments&post=15850"}],"version-history":[{"count":1,"href":"https:\/\/wgphoto.pl\/t\/index.php?rest_route=\/wp\/v2\/posts\/15850\/revisions"}],"predecessor-version":[{"id":15852,"href":"https:\/\/wgphoto.pl\/t\/index.php?rest_route=\/wp\/v2\/posts\/15850\/revisions\/15852"}],"wp:featuredmedia":[{"embeddable":true,"href":"https:\/\/wgphoto.pl\/t\/index.php?rest_route=\/wp\/v2\/media\/15851"}],"wp:attachment":[{"href":"https:\/\/wgphoto.pl\/t\/index.php?rest_route=%2Fwp%2Fv2%2Fmedia&parent=15850"}],"wp:term":[{"taxonomy":"category","embeddable":true,"href":"https:\/\/wgphoto.pl\/t\/index.php?rest_route=%2Fwp%2Fv2%2Fcategories&post=15850"},{"taxonomy":"post_tag","embeddable":true,"href":"https:\/\/wgphoto.pl\/t\/index.php?rest_route=%2Fwp%2Fv2%2Ftags&post=15850"}],"curies":[{"name":"wp","href":"https:\/\/api.w.org\/{rel}","templated":true}]}}