{"id":15853,"date":"2025-04-07T21:15:16","date_gmt":"2025-04-07T19:15:16","guid":{"rendered":"https:\/\/wgphoto.pl\/t\/?p=15853"},"modified":"2025-04-07T21:15:16","modified_gmt":"2025-04-07T19:15:16","slug":"para-w-gwizdek","status":"publish","type":"post","link":"https:\/\/wgphoto.pl\/t\/?p=15853","title":{"rendered":"Para w gwizdek"},"content":{"rendered":"\n<figure class=\"wp-block-image aligncenter size-full\"><img loading=\"lazy\" decoding=\"async\" width=\"1200\" height=\"800\" src=\"https:\/\/wgphoto.pl\/t\/wp-content\/uploads\/2025\/04\/IMGP6427.jpg\" alt=\"\" class=\"wp-image-15854\" srcset=\"https:\/\/wgphoto.pl\/t\/wp-content\/uploads\/2025\/04\/IMGP6427.jpg 1200w, https:\/\/wgphoto.pl\/t\/wp-content\/uploads\/2025\/04\/IMGP6427-300x200.jpg 300w, https:\/\/wgphoto.pl\/t\/wp-content\/uploads\/2025\/04\/IMGP6427-768x512.jpg 768w\" sizes=\"auto, (max-width: 1200px) 100vw, 1200px\" \/><\/figure>\n\n\n\n<div class=\"wp-block-group has-global-padding is-layout-constrained wp-block-group-is-layout-constrained\">\n<p>Erfurt, Anger. Tramwaje rozje\u017cd\u017caj\u0105 si\u0119 w swoich kierunkach po rozk\u0142adowym spotkaniu na centralnym placu miasta. Takie skomunikowania wyst\u0119puj\u0105 w Erfurcie co 20 lub 30 minut (zale\u017cnie od pory oraz dnia tygodnia) co wiecz\u00f3r od godz. 20. 2016-08-15<\/p>\n<\/div>\n","protected":false},"excerpt":{"rendered":"<p>Erfurt, Anger. Tramwaje rozje\u017cd\u017caj\u0105 si\u0119 w swoich kierunkach po rozk\u0142adowym spotkaniu na centralnym placu miasta. Takie skomunikowania wyst\u0119puj\u0105 w Erfurcie co 20 lub 30 minut (zale\u017cnie od pory oraz dnia tygodnia) co wiecz\u00f3r od godz. 20. 2016-08-15<\/p>\n","protected":false},"author":1,"featured_media":15854,"comment_status":"open","ping_status":"","sticky":false,"template":"","format":"standard","meta":{"footnotes":""},"categories":[125,3],"tags":[413,34,239,411,412,23,381,90],"class_list":["post-15853","post","type-post","status-publish","format-standard","has-post-thumbnail","hentry","category-rok-2016","category-tramwaj","tag-2016-08-15","tag-architektura","tag-deptak","tag-erfurt","tag-evag-erfurt","tag-niemcy","tag-siemens-combino","tag-wieczorem"],"_links":{"self":[{"href":"https:\/\/wgphoto.pl\/t\/index.php?rest_route=\/wp\/v2\/posts\/15853","targetHints":{"allow":["GET"]}}],"collection":[{"href":"https:\/\/wgphoto.pl\/t\/index.php?rest_route=\/wp\/v2\/posts"}],"about":[{"href":"https:\/\/wgphoto.pl\/t\/index.php?rest_route=\/wp\/v2\/types\/post"}],"author":[{"embeddable":true,"href":"https:\/\/wgphoto.pl\/t\/index.php?rest_route=\/wp\/v2\/users\/1"}],"replies":[{"embeddable":true,"href":"https:\/\/wgphoto.pl\/t\/index.php?rest_route=%2Fwp%2Fv2%2Fcomments&post=15853"}],"version-history":[{"count":1,"href":"https:\/\/wgphoto.pl\/t\/index.php?rest_route=\/wp\/v2\/posts\/15853\/revisions"}],"predecessor-version":[{"id":15855,"href":"https:\/\/wgphoto.pl\/t\/index.php?rest_route=\/wp\/v2\/posts\/15853\/revisions\/15855"}],"wp:featuredmedia":[{"embeddable":true,"href":"https:\/\/wgphoto.pl\/t\/index.php?rest_route=\/wp\/v2\/media\/15854"}],"wp:attachment":[{"href":"https:\/\/wgphoto.pl\/t\/index.php?rest_route=%2Fwp%2Fv2%2Fmedia&parent=15853"}],"wp:term":[{"taxonomy":"category","embeddable":true,"href":"https:\/\/wgphoto.pl\/t\/index.php?rest_route=%2Fwp%2Fv2%2Fcategories&post=15853"},{"taxonomy":"post_tag","embeddable":true,"href":"https:\/\/wgphoto.pl\/t\/index.php?rest_route=%2Fwp%2Fv2%2Ftags&post=15853"}],"curies":[{"name":"wp","href":"https:\/\/api.w.org\/{rel}","templated":true}]}}