{"id":15859,"date":"2025-04-07T23:00:49","date_gmt":"2025-04-07T21:00:49","guid":{"rendered":"https:\/\/wgphoto.pl\/t\/?p=15859"},"modified":"2025-04-07T23:00:49","modified_gmt":"2025-04-07T21:00:49","slug":"analogowe-dylematy","status":"publish","type":"post","link":"https:\/\/wgphoto.pl\/t\/?p=15859","title":{"rendered":"Analogowe dylematy"},"content":{"rendered":"\n<figure class=\"wp-block-image aligncenter size-full\"><img loading=\"lazy\" decoding=\"async\" width=\"1200\" height=\"800\" src=\"https:\/\/wgphoto.pl\/t\/wp-content\/uploads\/2025\/04\/0733-21a.jpg\" alt=\"\" class=\"wp-image-15860\" srcset=\"https:\/\/wgphoto.pl\/t\/wp-content\/uploads\/2025\/04\/0733-21a.jpg 1200w, https:\/\/wgphoto.pl\/t\/wp-content\/uploads\/2025\/04\/0733-21a-300x200.jpg 300w, https:\/\/wgphoto.pl\/t\/wp-content\/uploads\/2025\/04\/0733-21a-768x512.jpg 768w\" sizes=\"auto, (max-width: 1200px) 100vw, 1200px\" \/><\/figure>\n\n\n\n<div class=\"wp-block-group has-global-padding is-layout-constrained wp-block-group-is-layout-constrained\">\n<p>Marnej jako\u015bci peron\u00f3wka prezentuje poci\u0105g 67330 z G\u0142ogowa do Leszna na stacji we Wschowie. Dzie\u0144 si\u0119 jeszcze nie obudzi\u0142 (co wida\u0107 m.in. po o\u015bwietlonych semaforach oraz latarni na budynku dworca) i pewnie dlatego wybra\u0142em kadr podczas postoju, co jednak nie pozwoli\u0142o zbyt wiele ugra\u0107 na parametrze &#8211; &#8222;analogowy exif&#8221; analogowego zdj\u0119cia wskazuje przys\u0142on\u0119 2.8 przy czasie 1\/60 s. ISO 1600 niestety nie by\u0142o w\u00f3wczas dost\u0119pne. \ud83d\ude09 29.09.2007<\/p>\n<\/div>\n","protected":false},"excerpt":{"rendered":"<p>Marnej jako\u015bci peron\u00f3wka prezentuje poci\u0105g 67330 z G\u0142ogowa do Leszna na stacji we Wschowie. Dzie\u0144 si\u0119 jeszcze nie obudzi\u0142 (co wida\u0107 m.in. po o\u015bwietlonych semaforach oraz latarni na budynku dworca) i pewnie dlatego wybra\u0142em kadr podczas postoju, co jednak nie pozwoli\u0142o zbyt wiele ugra\u0107 na parametrze &#8211; &#8222;analogowy exif&#8221; analogowego zdj\u0119cia wskazuje przys\u0142on\u0119 2.8 przy [&hellip;]<\/p>\n","protected":false},"author":1,"featured_media":15860,"comment_status":"open","ping_status":"","sticky":false,"template":"","format":"standard","meta":{"footnotes":""},"categories":[62,2,96],"tags":[1452,63,27,176,290,53,515,2383],"class_list":["post-15859","post","type-post","status-publish","format-standard","has-post-thumbnail","hentry","category-analog","category-kolej","category-rok-2007","tag-2007-09-29","tag-pkp","tag-polska","tag-rano","tag-su45","tag-sygnalizacja-ksztaltowa","tag-tab-pl350","tag-wschowa"],"_links":{"self":[{"href":"https:\/\/wgphoto.pl\/t\/index.php?rest_route=\/wp\/v2\/posts\/15859","targetHints":{"allow":["GET"]}}],"collection":[{"href":"https:\/\/wgphoto.pl\/t\/index.php?rest_route=\/wp\/v2\/posts"}],"about":[{"href":"https:\/\/wgphoto.pl\/t\/index.php?rest_route=\/wp\/v2\/types\/post"}],"author":[{"embeddable":true,"href":"https:\/\/wgphoto.pl\/t\/index.php?rest_route=\/wp\/v2\/users\/1"}],"replies":[{"embeddable":true,"href":"https:\/\/wgphoto.pl\/t\/index.php?rest_route=%2Fwp%2Fv2%2Fcomments&post=15859"}],"version-history":[{"count":1,"href":"https:\/\/wgphoto.pl\/t\/index.php?rest_route=\/wp\/v2\/posts\/15859\/revisions"}],"predecessor-version":[{"id":15861,"href":"https:\/\/wgphoto.pl\/t\/index.php?rest_route=\/wp\/v2\/posts\/15859\/revisions\/15861"}],"wp:featuredmedia":[{"embeddable":true,"href":"https:\/\/wgphoto.pl\/t\/index.php?rest_route=\/wp\/v2\/media\/15860"}],"wp:attachment":[{"href":"https:\/\/wgphoto.pl\/t\/index.php?rest_route=%2Fwp%2Fv2%2Fmedia&parent=15859"}],"wp:term":[{"taxonomy":"category","embeddable":true,"href":"https:\/\/wgphoto.pl\/t\/index.php?rest_route=%2Fwp%2Fv2%2Fcategories&post=15859"},{"taxonomy":"post_tag","embeddable":true,"href":"https:\/\/wgphoto.pl\/t\/index.php?rest_route=%2Fwp%2Fv2%2Ftags&post=15859"}],"curies":[{"name":"wp","href":"https:\/\/api.w.org\/{rel}","templated":true}]}}