{"id":15869,"date":"2025-04-07T23:03:38","date_gmt":"2025-04-07T21:03:38","guid":{"rendered":"https:\/\/wgphoto.pl\/t\/?p=15869"},"modified":"2025-04-07T23:03:38","modified_gmt":"2025-04-07T21:03:38","slug":"st43-386-strzegom","status":"publish","type":"post","link":"https:\/\/wgphoto.pl\/t\/?p=15869","title":{"rendered":"ST43-386, Strzegom"},"content":{"rendered":"\n<figure class=\"wp-block-image aligncenter size-full\"><img loading=\"lazy\" decoding=\"async\" width=\"602\" height=\"900\" src=\"https:\/\/wgphoto.pl\/t\/wp-content\/uploads\/2025\/04\/IMGP6182.jpg\" alt=\"\" class=\"wp-image-15870\" srcset=\"https:\/\/wgphoto.pl\/t\/wp-content\/uploads\/2025\/04\/IMGP6182.jpg 602w, https:\/\/wgphoto.pl\/t\/wp-content\/uploads\/2025\/04\/IMGP6182-201x300.jpg 201w\" sizes=\"auto, (max-width: 602px) 100vw, 602px\" \/><\/figure>\n\n\n\n<div class=\"wp-block-group has-global-padding is-layout-constrained wp-block-group-is-layout-constrained\">\n<p>Nadgryziony z\u0119bem czasu Romek 386 oczekuje zwolnienia szlaku do Jaworzyny \u015al\u0105skiej stoj\u0105c obok drewnianej wiaty, kt\u00f3ra lata \u015bwietno\u015bci r\u00f3wnie\u017c ma ju\u017c za sob\u0105. 02.07.2009<\/p>\n<\/div>\n","protected":false},"excerpt":{"rendered":"<p>Nadgryziony z\u0119bem czasu Romek 386 oczekuje zwolnienia szlaku do Jaworzyny \u015al\u0105skiej stoj\u0105c obok drewnianej wiaty, kt\u00f3ra lata \u015bwietno\u015bci r\u00f3wnie\u017c ma ju\u017c za sob\u0105. 02.07.2009<\/p>\n","protected":false},"author":1,"featured_media":15870,"comment_status":"open","ping_status":"","sticky":false,"template":"","format":"standard","meta":{"footnotes":""},"categories":[2,128,169],"tags":[2056,24,63,27,64,433,319],"class_list":["post-15869","post","type-post","status-publish","format-standard","has-post-thumbnail","hentry","category-kolej","category-pionowe","category-rok-2009","tag-2009-07-02","tag-perony","tag-pkp","tag-polska","tag-st43","tag-strzegom","tag-tab-pl235"],"_links":{"self":[{"href":"https:\/\/wgphoto.pl\/t\/index.php?rest_route=\/wp\/v2\/posts\/15869","targetHints":{"allow":["GET"]}}],"collection":[{"href":"https:\/\/wgphoto.pl\/t\/index.php?rest_route=\/wp\/v2\/posts"}],"about":[{"href":"https:\/\/wgphoto.pl\/t\/index.php?rest_route=\/wp\/v2\/types\/post"}],"author":[{"embeddable":true,"href":"https:\/\/wgphoto.pl\/t\/index.php?rest_route=\/wp\/v2\/users\/1"}],"replies":[{"embeddable":true,"href":"https:\/\/wgphoto.pl\/t\/index.php?rest_route=%2Fwp%2Fv2%2Fcomments&post=15869"}],"version-history":[{"count":1,"href":"https:\/\/wgphoto.pl\/t\/index.php?rest_route=\/wp\/v2\/posts\/15869\/revisions"}],"predecessor-version":[{"id":15871,"href":"https:\/\/wgphoto.pl\/t\/index.php?rest_route=\/wp\/v2\/posts\/15869\/revisions\/15871"}],"wp:featuredmedia":[{"embeddable":true,"href":"https:\/\/wgphoto.pl\/t\/index.php?rest_route=\/wp\/v2\/media\/15870"}],"wp:attachment":[{"href":"https:\/\/wgphoto.pl\/t\/index.php?rest_route=%2Fwp%2Fv2%2Fmedia&parent=15869"}],"wp:term":[{"taxonomy":"category","embeddable":true,"href":"https:\/\/wgphoto.pl\/t\/index.php?rest_route=%2Fwp%2Fv2%2Fcategories&post=15869"},{"taxonomy":"post_tag","embeddable":true,"href":"https:\/\/wgphoto.pl\/t\/index.php?rest_route=%2Fwp%2Fv2%2Ftags&post=15869"}],"curies":[{"name":"wp","href":"https:\/\/api.w.org\/{rel}","templated":true}]}}