{"id":15875,"date":"2025-04-07T23:05:43","date_gmt":"2025-04-07T21:05:43","guid":{"rendered":"https:\/\/wgphoto.pl\/t\/?p=15875"},"modified":"2025-04-07T23:05:43","modified_gmt":"2025-04-07T21:05:43","slug":"domaszkow","status":"publish","type":"post","link":"https:\/\/wgphoto.pl\/t\/?p=15875","title":{"rendered":"Domaszk\u00f3w"},"content":{"rendered":"\n<figure class=\"wp-block-image aligncenter size-full\"><img loading=\"lazy\" decoding=\"async\" width=\"1200\" height=\"803\" src=\"https:\/\/wgphoto.pl\/t\/wp-content\/uploads\/2025\/04\/IMGP3132.jpg\" alt=\"\" class=\"wp-image-15876\" srcset=\"https:\/\/wgphoto.pl\/t\/wp-content\/uploads\/2025\/04\/IMGP3132.jpg 1200w, https:\/\/wgphoto.pl\/t\/wp-content\/uploads\/2025\/04\/IMGP3132-300x201.jpg 300w, https:\/\/wgphoto.pl\/t\/wp-content\/uploads\/2025\/04\/IMGP3132-768x514.jpg 768w\" sizes=\"auto, (max-width: 1200px) 100vw, 1200px\" \/><\/figure>\n\n\n\n<div class=\"wp-block-group has-global-padding is-layout-constrained wp-block-group-is-layout-constrained\">\n<p>Nie wiem o co chodzi z tym Wa\u0142brzychem na wy\u015bwietlaczu, ale wed\u0142ug rozk\u0142adu jazdy powinien to by\u0107 poci\u0105g 44038 do Legnicy. 21.03.2009<\/p>\n<\/div>\n","protected":false},"excerpt":{"rendered":"<p>Nie wiem o co chodzi z tym Wa\u0142brzychem na wy\u015bwietlaczu, ale wed\u0142ug rozk\u0142adu jazdy powinien to by\u0107 poci\u0105g 44038 do Legnicy. 21.03.2009<\/p>\n","protected":false},"author":1,"featured_media":15876,"comment_status":"open","ping_status":"","sticky":false,"template":"","format":"standard","meta":{"footnotes":""},"categories":[2,169],"tags":[387,388,402,27,3100,383],"class_list":["post-15875","post","type-post","status-publish","format-standard","has-post-thumbnail","hentry","category-kolej","category-rok-2009","tag-2009-03-21","tag-domaszkow","tag-kd","tag-polska","tag-sa135","tag-tab-pl230"],"_links":{"self":[{"href":"https:\/\/wgphoto.pl\/t\/index.php?rest_route=\/wp\/v2\/posts\/15875","targetHints":{"allow":["GET"]}}],"collection":[{"href":"https:\/\/wgphoto.pl\/t\/index.php?rest_route=\/wp\/v2\/posts"}],"about":[{"href":"https:\/\/wgphoto.pl\/t\/index.php?rest_route=\/wp\/v2\/types\/post"}],"author":[{"embeddable":true,"href":"https:\/\/wgphoto.pl\/t\/index.php?rest_route=\/wp\/v2\/users\/1"}],"replies":[{"embeddable":true,"href":"https:\/\/wgphoto.pl\/t\/index.php?rest_route=%2Fwp%2Fv2%2Fcomments&post=15875"}],"version-history":[{"count":1,"href":"https:\/\/wgphoto.pl\/t\/index.php?rest_route=\/wp\/v2\/posts\/15875\/revisions"}],"predecessor-version":[{"id":15877,"href":"https:\/\/wgphoto.pl\/t\/index.php?rest_route=\/wp\/v2\/posts\/15875\/revisions\/15877"}],"wp:featuredmedia":[{"embeddable":true,"href":"https:\/\/wgphoto.pl\/t\/index.php?rest_route=\/wp\/v2\/media\/15876"}],"wp:attachment":[{"href":"https:\/\/wgphoto.pl\/t\/index.php?rest_route=%2Fwp%2Fv2%2Fmedia&parent=15875"}],"wp:term":[{"taxonomy":"category","embeddable":true,"href":"https:\/\/wgphoto.pl\/t\/index.php?rest_route=%2Fwp%2Fv2%2Fcategories&post=15875"},{"taxonomy":"post_tag","embeddable":true,"href":"https:\/\/wgphoto.pl\/t\/index.php?rest_route=%2Fwp%2Fv2%2Ftags&post=15875"}],"curies":[{"name":"wp","href":"https:\/\/api.w.org\/{rel}","templated":true}]}}