{"id":15887,"date":"2025-04-07T23:09:20","date_gmt":"2025-04-07T21:09:20","guid":{"rendered":"https:\/\/wgphoto.pl\/t\/?p=15887"},"modified":"2025-04-07T23:09:20","modified_gmt":"2025-04-07T21:09:20","slug":"przerwa-w-polsce-1","status":"publish","type":"post","link":"https:\/\/wgphoto.pl\/t\/?p=15887","title":{"rendered":"Przerwa w Polsce (1)"},"content":{"rendered":"\n<figure class=\"wp-block-image aligncenter size-full\"><img loading=\"lazy\" decoding=\"async\" width=\"1000\" height=\"750\" src=\"https:\/\/wgphoto.pl\/t\/wp-content\/uploads\/2025\/04\/dscf8186.jpg\" alt=\"\" class=\"wp-image-15888\" srcset=\"https:\/\/wgphoto.pl\/t\/wp-content\/uploads\/2025\/04\/dscf8186.jpg 1000w, https:\/\/wgphoto.pl\/t\/wp-content\/uploads\/2025\/04\/dscf8186-300x225.jpg 300w, https:\/\/wgphoto.pl\/t\/wp-content\/uploads\/2025\/04\/dscf8186-768x576.jpg 768w\" sizes=\"auto, (max-width: 1000px) 100vw, 1000px\" \/><\/figure>\n\n\n\n<div class=\"wp-block-group has-global-padding is-layout-constrained wp-block-group-is-layout-constrained\">\n<p>By\u0142 okres, gdy ofert\u0119 praskich rychlik\u00f3w uzupe\u0142nia\u0142y ju\u017c poci\u0105gi osobowe, ale by\u0142y jeszcze obs\u0142ugiwane w kr\u00f3tkich relacjach czeskimi motorakami. Ten akurat zbyt wiele si\u0119 nie napracowa\u0142, bo rozk\u0142adowo zatrzyma\u0142 si\u0119 przy peronie o godzinie 8:12 (z Kr\u00e1l\u00edk), by odjecha\u0107 dopiero o 11:24 (do \u0160t\u00edt\u016f). 25.01.2009<\/p>\n<\/div>\n","protected":false},"excerpt":{"rendered":"<p>By\u0142 okres, gdy ofert\u0119 praskich rychlik\u00f3w uzupe\u0142nia\u0142y ju\u017c poci\u0105gi osobowe, ale by\u0142y jeszcze obs\u0142ugiwane w kr\u00f3tkich relacjach czeskimi motorakami. Ten akurat zbyt wiele si\u0119 nie napracowa\u0142, bo rozk\u0142adowo zatrzyma\u0142 si\u0119 przy peronie o godzinie 8:12 (z Kr\u00e1l\u00edk), by odjecha\u0107 dopiero o 11:24 (do \u0160t\u00edt\u016f). 25.01.2009<\/p>\n","protected":false},"author":1,"featured_media":15888,"comment_status":"open","ping_status":"","sticky":false,"template":"","format":"standard","meta":{"footnotes":""},"categories":[2,169],"tags":[2208,92,50,249,2050,27,905,44,383],"class_list":["post-15887","post","type-post","status-publish","format-standard","has-post-thumbnail","hentry","category-kolej","category-rok-2009","tag-2009-01-25","tag-92","tag-cd","tag-goscinne-wystepy","tag-miedzylesie","tag-polska","tag-przez","tag-snieg","tag-tab-pl230"],"_links":{"self":[{"href":"https:\/\/wgphoto.pl\/t\/index.php?rest_route=\/wp\/v2\/posts\/15887","targetHints":{"allow":["GET"]}}],"collection":[{"href":"https:\/\/wgphoto.pl\/t\/index.php?rest_route=\/wp\/v2\/posts"}],"about":[{"href":"https:\/\/wgphoto.pl\/t\/index.php?rest_route=\/wp\/v2\/types\/post"}],"author":[{"embeddable":true,"href":"https:\/\/wgphoto.pl\/t\/index.php?rest_route=\/wp\/v2\/users\/1"}],"replies":[{"embeddable":true,"href":"https:\/\/wgphoto.pl\/t\/index.php?rest_route=%2Fwp%2Fv2%2Fcomments&post=15887"}],"version-history":[{"count":1,"href":"https:\/\/wgphoto.pl\/t\/index.php?rest_route=\/wp\/v2\/posts\/15887\/revisions"}],"predecessor-version":[{"id":15889,"href":"https:\/\/wgphoto.pl\/t\/index.php?rest_route=\/wp\/v2\/posts\/15887\/revisions\/15889"}],"wp:featuredmedia":[{"embeddable":true,"href":"https:\/\/wgphoto.pl\/t\/index.php?rest_route=\/wp\/v2\/media\/15888"}],"wp:attachment":[{"href":"https:\/\/wgphoto.pl\/t\/index.php?rest_route=%2Fwp%2Fv2%2Fmedia&parent=15887"}],"wp:term":[{"taxonomy":"category","embeddable":true,"href":"https:\/\/wgphoto.pl\/t\/index.php?rest_route=%2Fwp%2Fv2%2Fcategories&post=15887"},{"taxonomy":"post_tag","embeddable":true,"href":"https:\/\/wgphoto.pl\/t\/index.php?rest_route=%2Fwp%2Fv2%2Ftags&post=15887"}],"curies":[{"name":"wp","href":"https:\/\/api.w.org\/{rel}","templated":true}]}}