{"id":15893,"date":"2025-04-08T16:26:19","date_gmt":"2025-04-08T14:26:19","guid":{"rendered":"https:\/\/wgphoto.pl\/t\/?p=15893"},"modified":"2025-04-08T16:26:19","modified_gmt":"2025-04-08T14:26:19","slug":"bazylika-mariacka-z-pociagiem-albo-na-odwrot","status":"publish","type":"post","link":"https:\/\/wgphoto.pl\/t\/?p=15893","title":{"rendered":"Bazylika Mariacka z poci\u0105giem, albo na odwr\u00f3t"},"content":{"rendered":"\n<figure class=\"wp-block-image aligncenter size-full\"><img loading=\"lazy\" decoding=\"async\" width=\"1300\" height=\"975\" src=\"https:\/\/wgphoto.pl\/t\/wp-content\/uploads\/2025\/04\/IMGP7038-1.jpg\" alt=\"\" class=\"wp-image-15895\" srcset=\"https:\/\/wgphoto.pl\/t\/wp-content\/uploads\/2025\/04\/IMGP7038-1.jpg 1300w, https:\/\/wgphoto.pl\/t\/wp-content\/uploads\/2025\/04\/IMGP7038-1-300x225.jpg 300w, https:\/\/wgphoto.pl\/t\/wp-content\/uploads\/2025\/04\/IMGP7038-1-768x576.jpg 768w\" sizes=\"auto, (max-width: 1300px) 100vw, 1300px\" \/><\/figure>\n\n\n\n<div class=\"wp-block-group has-global-padding is-layout-constrained wp-block-group-is-layout-constrained\">\n<p>Duet Acatus\u00f3w (z ty\u0142u EN64-004) odje\u017cd\u017ca z b\u0119d\u0105cej w przebudowie stacji Krak\u00f3w P\u0142asz\u00f3w. Zamys\u0142em by\u0142o foto poci\u0105gu z ko\u015bcio\u0142em Mariackim. 21.12.2019<\/p>\n<\/div>\n","protected":false},"excerpt":{"rendered":"<p>Duet Acatus\u00f3w (z ty\u0142u EN64-004) odje\u017cd\u017ca z b\u0119d\u0105cej w przebudowie stacji Krak\u00f3w P\u0142asz\u00f3w. Zamys\u0142em by\u0142o foto poci\u0105gu z ko\u015bcio\u0142em Mariackim. 21.12.2019<\/p>\n","protected":false},"author":1,"featured_media":15895,"comment_status":"open","ping_status":"","sticky":false,"template":"","format":"standard","meta":{"footnotes":""},"categories":[2,136],"tags":[1654,745,3647,664,3646,3648,27],"class_list":["post-15893","post","type-post","status-publish","format-standard","has-post-thumbnail","hentry","category-kolej","category-rok-2019","tag-2019-12-21","tag-budowa","tag-kml","tag-krakow","tag-krakow-plaszow","tag-pesa-acatus","tag-polska"],"_links":{"self":[{"href":"https:\/\/wgphoto.pl\/t\/index.php?rest_route=\/wp\/v2\/posts\/15893","targetHints":{"allow":["GET"]}}],"collection":[{"href":"https:\/\/wgphoto.pl\/t\/index.php?rest_route=\/wp\/v2\/posts"}],"about":[{"href":"https:\/\/wgphoto.pl\/t\/index.php?rest_route=\/wp\/v2\/types\/post"}],"author":[{"embeddable":true,"href":"https:\/\/wgphoto.pl\/t\/index.php?rest_route=\/wp\/v2\/users\/1"}],"replies":[{"embeddable":true,"href":"https:\/\/wgphoto.pl\/t\/index.php?rest_route=%2Fwp%2Fv2%2Fcomments&post=15893"}],"version-history":[{"count":1,"href":"https:\/\/wgphoto.pl\/t\/index.php?rest_route=\/wp\/v2\/posts\/15893\/revisions"}],"predecessor-version":[{"id":15896,"href":"https:\/\/wgphoto.pl\/t\/index.php?rest_route=\/wp\/v2\/posts\/15893\/revisions\/15896"}],"wp:featuredmedia":[{"embeddable":true,"href":"https:\/\/wgphoto.pl\/t\/index.php?rest_route=\/wp\/v2\/media\/15895"}],"wp:attachment":[{"href":"https:\/\/wgphoto.pl\/t\/index.php?rest_route=%2Fwp%2Fv2%2Fmedia&parent=15893"}],"wp:term":[{"taxonomy":"category","embeddable":true,"href":"https:\/\/wgphoto.pl\/t\/index.php?rest_route=%2Fwp%2Fv2%2Fcategories&post=15893"},{"taxonomy":"post_tag","embeddable":true,"href":"https:\/\/wgphoto.pl\/t\/index.php?rest_route=%2Fwp%2Fv2%2Ftags&post=15893"}],"curies":[{"name":"wp","href":"https:\/\/api.w.org\/{rel}","templated":true}]}}