{"id":15897,"date":"2025-04-08T16:27:20","date_gmt":"2025-04-08T14:27:20","guid":{"rendered":"https:\/\/wgphoto.pl\/t\/?p=15897"},"modified":"2025-04-08T16:27:20","modified_gmt":"2025-04-08T14:27:20","slug":"ciemny-jak-noc-2","status":"publish","type":"post","link":"https:\/\/wgphoto.pl\/t\/?p=15897","title":{"rendered":"Ciemny jak noc"},"content":{"rendered":"\n<figure class=\"wp-block-image aligncenter size-full\"><img loading=\"lazy\" decoding=\"async\" width=\"1400\" height=\"927\" src=\"https:\/\/wgphoto.pl\/t\/wp-content\/uploads\/2025\/04\/IMGP3318.jpg\" alt=\"\" class=\"wp-image-15898\" srcset=\"https:\/\/wgphoto.pl\/t\/wp-content\/uploads\/2025\/04\/IMGP3318.jpg 1400w, https:\/\/wgphoto.pl\/t\/wp-content\/uploads\/2025\/04\/IMGP3318-300x199.jpg 300w, https:\/\/wgphoto.pl\/t\/wp-content\/uploads\/2025\/04\/IMGP3318-768x509.jpg 768w\" sizes=\"auto, (max-width: 1400px) 100vw, 1400px\" \/><\/figure>\n\n\n\n<div class=\"wp-block-group has-global-padding is-layout-constrained wp-block-group-is-layout-constrained\">\n<p>Zestaw Tatr T3DM 513+514 w ma\u0142o atrakcyjnej reklamie zosta\u0142 z\u0142apany w r\u00f3wnie nieciekawej okolicy na Stollberger Stra\u00dfe w Chemnitz. 22.09.2017<\/p>\n<\/div>\n","protected":false},"excerpt":{"rendered":"<p>Zestaw Tatr T3DM 513+514 w ma\u0142o atrakcyjnej reklamie zosta\u0142 z\u0142apany w r\u00f3wnie nieciekawej okolicy na Stollberger Stra\u00dfe w Chemnitz. 22.09.2017<\/p>\n","protected":false},"author":1,"featured_media":15898,"comment_status":"open","ping_status":"","sticky":false,"template":"","format":"standard","meta":{"footnotes":""},"categories":[368,3],"tags":[1525,732,730,23,118,1011],"class_list":["post-15897","post","type-post","status-publish","format-standard","has-post-thumbnail","hentry","category-rok-2017","category-tramwaj","tag-2017-09-22","tag-chemnitz","tag-cvag-chemnitz","tag-niemcy","tag-plany-i-profile","tag-tatra-t3"],"_links":{"self":[{"href":"https:\/\/wgphoto.pl\/t\/index.php?rest_route=\/wp\/v2\/posts\/15897","targetHints":{"allow":["GET"]}}],"collection":[{"href":"https:\/\/wgphoto.pl\/t\/index.php?rest_route=\/wp\/v2\/posts"}],"about":[{"href":"https:\/\/wgphoto.pl\/t\/index.php?rest_route=\/wp\/v2\/types\/post"}],"author":[{"embeddable":true,"href":"https:\/\/wgphoto.pl\/t\/index.php?rest_route=\/wp\/v2\/users\/1"}],"replies":[{"embeddable":true,"href":"https:\/\/wgphoto.pl\/t\/index.php?rest_route=%2Fwp%2Fv2%2Fcomments&post=15897"}],"version-history":[{"count":1,"href":"https:\/\/wgphoto.pl\/t\/index.php?rest_route=\/wp\/v2\/posts\/15897\/revisions"}],"predecessor-version":[{"id":15899,"href":"https:\/\/wgphoto.pl\/t\/index.php?rest_route=\/wp\/v2\/posts\/15897\/revisions\/15899"}],"wp:featuredmedia":[{"embeddable":true,"href":"https:\/\/wgphoto.pl\/t\/index.php?rest_route=\/wp\/v2\/media\/15898"}],"wp:attachment":[{"href":"https:\/\/wgphoto.pl\/t\/index.php?rest_route=%2Fwp%2Fv2%2Fmedia&parent=15897"}],"wp:term":[{"taxonomy":"category","embeddable":true,"href":"https:\/\/wgphoto.pl\/t\/index.php?rest_route=%2Fwp%2Fv2%2Fcategories&post=15897"},{"taxonomy":"post_tag","embeddable":true,"href":"https:\/\/wgphoto.pl\/t\/index.php?rest_route=%2Fwp%2Fv2%2Ftags&post=15897"}],"curies":[{"name":"wp","href":"https:\/\/api.w.org\/{rel}","templated":true}]}}