{"id":15900,"date":"2025-04-08T16:28:15","date_gmt":"2025-04-08T14:28:15","guid":{"rendered":"https:\/\/wgphoto.pl\/t\/?p=15900"},"modified":"2025-04-08T16:28:15","modified_gmt":"2025-04-08T14:28:15","slug":"niby-nic-a-jednak","status":"publish","type":"post","link":"https:\/\/wgphoto.pl\/t\/?p=15900","title":{"rendered":"Niby nic, a jednak"},"content":{"rendered":"\n<figure class=\"wp-block-image aligncenter size-full\"><img loading=\"lazy\" decoding=\"async\" width=\"1400\" height=\"927\" src=\"https:\/\/wgphoto.pl\/t\/wp-content\/uploads\/2025\/04\/IMGP0467.jpg\" alt=\"\" class=\"wp-image-15901\" srcset=\"https:\/\/wgphoto.pl\/t\/wp-content\/uploads\/2025\/04\/IMGP0467.jpg 1400w, https:\/\/wgphoto.pl\/t\/wp-content\/uploads\/2025\/04\/IMGP0467-300x199.jpg 300w, https:\/\/wgphoto.pl\/t\/wp-content\/uploads\/2025\/04\/IMGP0467-768x509.jpg 768w\" sizes=\"auto, (max-width: 1400px) 100vw, 1400px\" \/><\/figure>\n\n\n\n<div class=\"wp-block-group has-global-padding is-layout-constrained wp-block-group-is-layout-constrained\">\n<p>Amsterdam, Nieuwezijds Voorburgwal. Combino 2031 z \u0142adn\u0105, niderlandzk\u0105 architektur\u0105. 30.04.2017<\/p>\n<\/div>\n","protected":false},"excerpt":{"rendered":"<p>Amsterdam, Nieuwezijds Voorburgwal. Combino 2031 z \u0142adn\u0105, niderlandzk\u0105 architektur\u0105. 30.04.2017<\/p>\n","protected":false},"author":1,"featured_media":15901,"comment_status":"open","ping_status":"","sticky":false,"template":"","format":"standard","meta":{"footnotes":""},"categories":[368,3],"tags":[1441,1439,34,1440,370,787,381],"class_list":["post-15900","post","type-post","status-publish","format-standard","has-post-thumbnail","hentry","category-rok-2017","category-tramwaj","tag-2017-04-30","tag-amsterdam","tag-architektura","tag-gvb-amsterdam","tag-holandia","tag-majowka-2017-2","tag-siemens-combino"],"_links":{"self":[{"href":"https:\/\/wgphoto.pl\/t\/index.php?rest_route=\/wp\/v2\/posts\/15900","targetHints":{"allow":["GET"]}}],"collection":[{"href":"https:\/\/wgphoto.pl\/t\/index.php?rest_route=\/wp\/v2\/posts"}],"about":[{"href":"https:\/\/wgphoto.pl\/t\/index.php?rest_route=\/wp\/v2\/types\/post"}],"author":[{"embeddable":true,"href":"https:\/\/wgphoto.pl\/t\/index.php?rest_route=\/wp\/v2\/users\/1"}],"replies":[{"embeddable":true,"href":"https:\/\/wgphoto.pl\/t\/index.php?rest_route=%2Fwp%2Fv2%2Fcomments&post=15900"}],"version-history":[{"count":1,"href":"https:\/\/wgphoto.pl\/t\/index.php?rest_route=\/wp\/v2\/posts\/15900\/revisions"}],"predecessor-version":[{"id":15902,"href":"https:\/\/wgphoto.pl\/t\/index.php?rest_route=\/wp\/v2\/posts\/15900\/revisions\/15902"}],"wp:featuredmedia":[{"embeddable":true,"href":"https:\/\/wgphoto.pl\/t\/index.php?rest_route=\/wp\/v2\/media\/15901"}],"wp:attachment":[{"href":"https:\/\/wgphoto.pl\/t\/index.php?rest_route=%2Fwp%2Fv2%2Fmedia&parent=15900"}],"wp:term":[{"taxonomy":"category","embeddable":true,"href":"https:\/\/wgphoto.pl\/t\/index.php?rest_route=%2Fwp%2Fv2%2Fcategories&post=15900"},{"taxonomy":"post_tag","embeddable":true,"href":"https:\/\/wgphoto.pl\/t\/index.php?rest_route=%2Fwp%2Fv2%2Ftags&post=15900"}],"curies":[{"name":"wp","href":"https:\/\/api.w.org\/{rel}","templated":true}]}}