{"id":15903,"date":"2025-04-08T16:31:39","date_gmt":"2025-04-08T14:31:39","guid":{"rendered":"https:\/\/wgphoto.pl\/t\/?p=15903"},"modified":"2025-04-08T16:31:39","modified_gmt":"2025-04-08T14:31:39","slug":"ekspres-w-lubaniu","status":"publish","type":"post","link":"https:\/\/wgphoto.pl\/t\/?p=15903","title":{"rendered":"Ekspres w Lubaniu"},"content":{"rendered":"\n<figure class=\"wp-block-image aligncenter size-full\"><img loading=\"lazy\" decoding=\"async\" width=\"1200\" height=\"803\" src=\"https:\/\/wgphoto.pl\/t\/wp-content\/uploads\/2025\/04\/IMGP9090.jpg\" alt=\"\" class=\"wp-image-15904\" srcset=\"https:\/\/wgphoto.pl\/t\/wp-content\/uploads\/2025\/04\/IMGP9090.jpg 1200w, https:\/\/wgphoto.pl\/t\/wp-content\/uploads\/2025\/04\/IMGP9090-300x201.jpg 300w, https:\/\/wgphoto.pl\/t\/wp-content\/uploads\/2025\/04\/IMGP9090-768x514.jpg 768w\" sizes=\"auto, (max-width: 1200px) 100vw, 1200px\" \/><\/figure>\n\n\n\n<div class=\"wp-block-group has-global-padding is-layout-constrained wp-block-group-is-layout-constrained\">\n<p>EP08-009 prowadzi kursuj\u0105cy tylko w soboty Ex 16410 &#8222;Pog\u00f3rze&#8221; z Warszawy do Jeleniej G\u00f3ry. 29.08.2009<\/p>\n<\/div>\n","protected":false},"excerpt":{"rendered":"<p>EP08-009 prowadzi kursuj\u0105cy tylko w soboty Ex 16410 &#8222;Pog\u00f3rze&#8221; z Warszawy do Jeleniej G\u00f3ry. 29.08.2009<\/p>\n","protected":false},"author":1,"featured_media":15904,"comment_status":"open","ping_status":"","sticky":false,"template":"","format":"standard","meta":{"footnotes":""},"categories":[2,169],"tags":[178,225,1794,63,27,177],"class_list":["post-15903","post","type-post","status-publish","format-standard","has-post-thumbnail","hentry","category-kolej","category-rok-2009","tag-2009-08-29","tag-ep08","tag-luban-slaski","tag-pkp","tag-polska","tag-tab-pl255"],"_links":{"self":[{"href":"https:\/\/wgphoto.pl\/t\/index.php?rest_route=\/wp\/v2\/posts\/15903","targetHints":{"allow":["GET"]}}],"collection":[{"href":"https:\/\/wgphoto.pl\/t\/index.php?rest_route=\/wp\/v2\/posts"}],"about":[{"href":"https:\/\/wgphoto.pl\/t\/index.php?rest_route=\/wp\/v2\/types\/post"}],"author":[{"embeddable":true,"href":"https:\/\/wgphoto.pl\/t\/index.php?rest_route=\/wp\/v2\/users\/1"}],"replies":[{"embeddable":true,"href":"https:\/\/wgphoto.pl\/t\/index.php?rest_route=%2Fwp%2Fv2%2Fcomments&post=15903"}],"version-history":[{"count":1,"href":"https:\/\/wgphoto.pl\/t\/index.php?rest_route=\/wp\/v2\/posts\/15903\/revisions"}],"predecessor-version":[{"id":15905,"href":"https:\/\/wgphoto.pl\/t\/index.php?rest_route=\/wp\/v2\/posts\/15903\/revisions\/15905"}],"wp:featuredmedia":[{"embeddable":true,"href":"https:\/\/wgphoto.pl\/t\/index.php?rest_route=\/wp\/v2\/media\/15904"}],"wp:attachment":[{"href":"https:\/\/wgphoto.pl\/t\/index.php?rest_route=%2Fwp%2Fv2%2Fmedia&parent=15903"}],"wp:term":[{"taxonomy":"category","embeddable":true,"href":"https:\/\/wgphoto.pl\/t\/index.php?rest_route=%2Fwp%2Fv2%2Fcategories&post=15903"},{"taxonomy":"post_tag","embeddable":true,"href":"https:\/\/wgphoto.pl\/t\/index.php?rest_route=%2Fwp%2Fv2%2Ftags&post=15903"}],"curies":[{"name":"wp","href":"https:\/\/api.w.org\/{rel}","templated":true}]}}