{"id":1591,"date":"2024-10-04T17:03:38","date_gmt":"2024-10-04T15:03:38","guid":{"rendered":"https:\/\/wgphoto.pl\/t\/?p=1591"},"modified":"2024-10-04T17:03:38","modified_gmt":"2024-10-04T15:03:38","slug":"poranne-kolory","status":"publish","type":"post","link":"https:\/\/wgphoto.pl\/t\/?p=1591","title":{"rendered":"Poranne kolory"},"content":{"rendered":"\n<figure class=\"wp-block-image aligncenter size-full\"><img loading=\"lazy\" decoding=\"async\" width=\"1200\" height=\"800\" src=\"https:\/\/wgphoto.pl\/t\/wp-content\/uploads\/2024\/10\/0623-30.jpg\" alt=\"\" class=\"wp-image-1592\" srcset=\"https:\/\/wgphoto.pl\/t\/wp-content\/uploads\/2024\/10\/0623-30.jpg 1200w, https:\/\/wgphoto.pl\/t\/wp-content\/uploads\/2024\/10\/0623-30-300x200.jpg 300w, https:\/\/wgphoto.pl\/t\/wp-content\/uploads\/2024\/10\/0623-30-768x512.jpg 768w\" sizes=\"auto, (max-width: 1200px) 100vw, 1200px\" \/><\/figure>\n\n\n\n<div class=\"wp-block-group has-global-padding is-layout-constrained wp-block-group-is-layout-constrained\">\n<p>Rajcza Centrum &#8211; Rycerka. Duet EN57-882+720 jad\u0105c wzd\u0142u\u017c So\u0142y wykonuje kurs nr 713 z Katowic do Zwardonia. 14.09.2006<\/p>\n<\/div>\n","protected":false},"excerpt":{"rendered":"<p>Rajcza Centrum &#8211; Rycerka. Duet EN57-882+720 jad\u0105c wzd\u0142u\u017c So\u0142y wykonuje kurs nr 713 z Katowic do Zwardonia. 14.09.2006<\/p>\n","protected":false},"author":1,"featured_media":1592,"comment_status":"open","ping_status":"","sticky":false,"template":"","format":"standard","meta":{"footnotes":""},"categories":[62,2,130],"tags":[809,132,63,27,806,176,805,73,807],"class_list":["post-1591","post","type-post","status-publish","format-standard","has-post-thumbnail","hentry","category-analog","category-kolej","category-rok-2006","tag-2006-09-14","tag-en57","tag-pkp","tag-polska","tag-rajcza-centrum","tag-rano","tag-rycerka","tag-rzeka","tag-tab-pl151"],"_links":{"self":[{"href":"https:\/\/wgphoto.pl\/t\/index.php?rest_route=\/wp\/v2\/posts\/1591","targetHints":{"allow":["GET"]}}],"collection":[{"href":"https:\/\/wgphoto.pl\/t\/index.php?rest_route=\/wp\/v2\/posts"}],"about":[{"href":"https:\/\/wgphoto.pl\/t\/index.php?rest_route=\/wp\/v2\/types\/post"}],"author":[{"embeddable":true,"href":"https:\/\/wgphoto.pl\/t\/index.php?rest_route=\/wp\/v2\/users\/1"}],"replies":[{"embeddable":true,"href":"https:\/\/wgphoto.pl\/t\/index.php?rest_route=%2Fwp%2Fv2%2Fcomments&post=1591"}],"version-history":[{"count":1,"href":"https:\/\/wgphoto.pl\/t\/index.php?rest_route=\/wp\/v2\/posts\/1591\/revisions"}],"predecessor-version":[{"id":1593,"href":"https:\/\/wgphoto.pl\/t\/index.php?rest_route=\/wp\/v2\/posts\/1591\/revisions\/1593"}],"wp:featuredmedia":[{"embeddable":true,"href":"https:\/\/wgphoto.pl\/t\/index.php?rest_route=\/wp\/v2\/media\/1592"}],"wp:attachment":[{"href":"https:\/\/wgphoto.pl\/t\/index.php?rest_route=%2Fwp%2Fv2%2Fmedia&parent=1591"}],"wp:term":[{"taxonomy":"category","embeddable":true,"href":"https:\/\/wgphoto.pl\/t\/index.php?rest_route=%2Fwp%2Fv2%2Fcategories&post=1591"},{"taxonomy":"post_tag","embeddable":true,"href":"https:\/\/wgphoto.pl\/t\/index.php?rest_route=%2Fwp%2Fv2%2Ftags&post=1591"}],"curies":[{"name":"wp","href":"https:\/\/api.w.org\/{rel}","templated":true}]}}