{"id":15912,"date":"2025-04-08T16:34:08","date_gmt":"2025-04-08T14:34:08","guid":{"rendered":"https:\/\/wgphoto.pl\/t\/?p=15912"},"modified":"2025-04-08T16:34:08","modified_gmt":"2025-04-08T14:34:08","slug":"regioplus","status":"publish","type":"post","link":"https:\/\/wgphoto.pl\/t\/?p=15912","title":{"rendered":"RegioPlus"},"content":{"rendered":"\n<figure class=\"wp-block-image aligncenter size-full\"><img loading=\"lazy\" decoding=\"async\" width=\"1050\" height=\"700\" src=\"https:\/\/wgphoto.pl\/t\/wp-content\/uploads\/2025\/04\/dscf7726.jpg\" alt=\"\" class=\"wp-image-15913\" srcset=\"https:\/\/wgphoto.pl\/t\/wp-content\/uploads\/2025\/04\/dscf7726.jpg 1050w, https:\/\/wgphoto.pl\/t\/wp-content\/uploads\/2025\/04\/dscf7726-300x200.jpg 300w, https:\/\/wgphoto.pl\/t\/wp-content\/uploads\/2025\/04\/dscf7726-768x512.jpg 768w\" sizes=\"auto, (max-width: 1050px) 100vw, 1050px\" \/><\/figure>\n\n\n\n<div class=\"wp-block-group has-global-padding is-layout-constrained wp-block-group-is-layout-constrained\">\n<p>Zestaw EN57-1119+1258 o podwy\u017cszonym standardzie obs\u0142uguje poci\u0105g 76124 kategorii RegioPlus z Poznania do Wroc\u0142awia. Kadr uzupe\u0142niaj\u0105 elementy infrastruktury p\u00f3\u0142nocnej g\u0142owicy stacji w Rawiczu. 16.10.2008<\/p>\n<\/div>\n","protected":false},"excerpt":{"rendered":"<p>Zestaw EN57-1119+1258 o podwy\u017cszonym standardzie obs\u0142uguje poci\u0105g 76124 kategorii RegioPlus z Poznania do Wroc\u0142awia. Kadr uzupe\u0142niaj\u0105 elementy infrastruktury p\u00f3\u0142nocnej g\u0142owicy stacji w Rawiczu. 16.10.2008<\/p>\n","protected":false},"author":1,"featured_media":15913,"comment_status":"open","ping_status":"","sticky":false,"template":"","format":"standard","meta":{"footnotes":""},"categories":[2,120],"tags":[2277,132,63,27,2275,190],"class_list":["post-15912","post","type-post","status-publish","format-standard","has-post-thumbnail","hentry","category-kolej","category-rok-2008","tag-2008-10-16","tag-en57","tag-pkp","tag-polska","tag-rawicz","tag-tab-pl330"],"_links":{"self":[{"href":"https:\/\/wgphoto.pl\/t\/index.php?rest_route=\/wp\/v2\/posts\/15912","targetHints":{"allow":["GET"]}}],"collection":[{"href":"https:\/\/wgphoto.pl\/t\/index.php?rest_route=\/wp\/v2\/posts"}],"about":[{"href":"https:\/\/wgphoto.pl\/t\/index.php?rest_route=\/wp\/v2\/types\/post"}],"author":[{"embeddable":true,"href":"https:\/\/wgphoto.pl\/t\/index.php?rest_route=\/wp\/v2\/users\/1"}],"replies":[{"embeddable":true,"href":"https:\/\/wgphoto.pl\/t\/index.php?rest_route=%2Fwp%2Fv2%2Fcomments&post=15912"}],"version-history":[{"count":1,"href":"https:\/\/wgphoto.pl\/t\/index.php?rest_route=\/wp\/v2\/posts\/15912\/revisions"}],"predecessor-version":[{"id":15914,"href":"https:\/\/wgphoto.pl\/t\/index.php?rest_route=\/wp\/v2\/posts\/15912\/revisions\/15914"}],"wp:featuredmedia":[{"embeddable":true,"href":"https:\/\/wgphoto.pl\/t\/index.php?rest_route=\/wp\/v2\/media\/15913"}],"wp:attachment":[{"href":"https:\/\/wgphoto.pl\/t\/index.php?rest_route=%2Fwp%2Fv2%2Fmedia&parent=15912"}],"wp:term":[{"taxonomy":"category","embeddable":true,"href":"https:\/\/wgphoto.pl\/t\/index.php?rest_route=%2Fwp%2Fv2%2Fcategories&post=15912"},{"taxonomy":"post_tag","embeddable":true,"href":"https:\/\/wgphoto.pl\/t\/index.php?rest_route=%2Fwp%2Fv2%2Ftags&post=15912"}],"curies":[{"name":"wp","href":"https:\/\/api.w.org\/{rel}","templated":true}]}}