{"id":15915,"date":"2025-04-08T16:35:10","date_gmt":"2025-04-08T14:35:10","guid":{"rendered":"https:\/\/wgphoto.pl\/t\/?p=15915"},"modified":"2025-04-08T16:35:10","modified_gmt":"2025-04-08T14:35:10","slug":"nn","status":"publish","type":"post","link":"https:\/\/wgphoto.pl\/t\/?p=15915","title":{"rendered":"NN"},"content":{"rendered":"\n<figure class=\"wp-block-image aligncenter size-full\"><img loading=\"lazy\" decoding=\"async\" width=\"1050\" height=\"700\" src=\"https:\/\/wgphoto.pl\/t\/wp-content\/uploads\/2025\/04\/dscf7721.jpg\" alt=\"\" class=\"wp-image-15916\" srcset=\"https:\/\/wgphoto.pl\/t\/wp-content\/uploads\/2025\/04\/dscf7721.jpg 1050w, https:\/\/wgphoto.pl\/t\/wp-content\/uploads\/2025\/04\/dscf7721-300x200.jpg 300w, https:\/\/wgphoto.pl\/t\/wp-content\/uploads\/2025\/04\/dscf7721-768x512.jpg 768w\" sizes=\"auto, (max-width: 1050px) 100vw, 1050px\" \/><\/figure>\n\n\n\n<div class=\"wp-block-group has-global-padding is-layout-constrained wp-block-group-is-layout-constrained\">\n<p>Korze\u0144sko &#8211; Rawicz. To b\u0119dzie najpewniej osobowy 6721 &#8222;Kamie\u0144czyk&#8221; z Kudowy-Zdroju do Poznania G\u0142\u00f3wnego. Niestety nijak nie idzie odczyta\u0107 numeru bydl\u0119cia. 16.10.2008<\/p>\n<\/div>\n","protected":false},"excerpt":{"rendered":"<p>Korze\u0144sko &#8211; Rawicz. To b\u0119dzie najpewniej osobowy 6721 &#8222;Kamie\u0144czyk&#8221; z Kudowy-Zdroju do Poznania G\u0142\u00f3wnego. Niestety nijak nie idzie odczyta\u0107 numeru bydl\u0119cia. 16.10.2008<\/p>\n","protected":false},"author":1,"featured_media":15916,"comment_status":"open","ping_status":"","sticky":false,"template":"","format":"standard","meta":{"footnotes":""},"categories":[2,120],"tags":[2277,26,2276,63,27,2275,190],"class_list":["post-15915","post","type-post","status-publish","format-standard","has-post-thumbnail","hentry","category-kolej","category-rok-2008","tag-2008-10-16","tag-et22","tag-korzensko","tag-pkp","tag-polska","tag-rawicz","tag-tab-pl330"],"_links":{"self":[{"href":"https:\/\/wgphoto.pl\/t\/index.php?rest_route=\/wp\/v2\/posts\/15915","targetHints":{"allow":["GET"]}}],"collection":[{"href":"https:\/\/wgphoto.pl\/t\/index.php?rest_route=\/wp\/v2\/posts"}],"about":[{"href":"https:\/\/wgphoto.pl\/t\/index.php?rest_route=\/wp\/v2\/types\/post"}],"author":[{"embeddable":true,"href":"https:\/\/wgphoto.pl\/t\/index.php?rest_route=\/wp\/v2\/users\/1"}],"replies":[{"embeddable":true,"href":"https:\/\/wgphoto.pl\/t\/index.php?rest_route=%2Fwp%2Fv2%2Fcomments&post=15915"}],"version-history":[{"count":1,"href":"https:\/\/wgphoto.pl\/t\/index.php?rest_route=\/wp\/v2\/posts\/15915\/revisions"}],"predecessor-version":[{"id":15917,"href":"https:\/\/wgphoto.pl\/t\/index.php?rest_route=\/wp\/v2\/posts\/15915\/revisions\/15917"}],"wp:featuredmedia":[{"embeddable":true,"href":"https:\/\/wgphoto.pl\/t\/index.php?rest_route=\/wp\/v2\/media\/15916"}],"wp:attachment":[{"href":"https:\/\/wgphoto.pl\/t\/index.php?rest_route=%2Fwp%2Fv2%2Fmedia&parent=15915"}],"wp:term":[{"taxonomy":"category","embeddable":true,"href":"https:\/\/wgphoto.pl\/t\/index.php?rest_route=%2Fwp%2Fv2%2Fcategories&post=15915"},{"taxonomy":"post_tag","embeddable":true,"href":"https:\/\/wgphoto.pl\/t\/index.php?rest_route=%2Fwp%2Fv2%2Ftags&post=15915"}],"curies":[{"name":"wp","href":"https:\/\/api.w.org\/{rel}","templated":true}]}}