{"id":15918,"date":"2025-04-08T16:36:00","date_gmt":"2025-04-08T14:36:00","guid":{"rendered":"https:\/\/wgphoto.pl\/t\/?p=15918"},"modified":"2025-04-08T16:36:00","modified_gmt":"2025-04-08T14:36:00","slug":"przerwa-na-petli","status":"publish","type":"post","link":"https:\/\/wgphoto.pl\/t\/?p=15918","title":{"rendered":"Przerwa na p\u0119tli"},"content":{"rendered":"\n<figure class=\"wp-block-image aligncenter size-full\"><img loading=\"lazy\" decoding=\"async\" width=\"1050\" height=\"788\" src=\"https:\/\/wgphoto.pl\/t\/wp-content\/uploads\/2025\/04\/dscf8018.jpg\" alt=\"\" class=\"wp-image-15919\" srcset=\"https:\/\/wgphoto.pl\/t\/wp-content\/uploads\/2025\/04\/dscf8018.jpg 1050w, https:\/\/wgphoto.pl\/t\/wp-content\/uploads\/2025\/04\/dscf8018-300x225.jpg 300w, https:\/\/wgphoto.pl\/t\/wp-content\/uploads\/2025\/04\/dscf8018-768x576.jpg 768w\" sizes=\"auto, (max-width: 1050px) 100vw, 1050px\" \/><\/figure>\n\n\n\n<div class=\"wp-block-group has-global-padding is-layout-constrained wp-block-group-is-layout-constrained\">\n<p>Standardowe wn\u0119trze wroc\u0142awskiej stodw\u00f3jki z lat &#8222;dwutysi\u0119cznych&#8221; &#8211; na zdj\u0119ciu wagon 2052 z uszkodzonym jednym obwodem o\u015bwietlenia w drugim cz\u0142onie. 19.12.2008<\/p>\n<\/div>\n","protected":false},"excerpt":{"rendered":"<p>Standardowe wn\u0119trze wroc\u0142awskiej stodw\u00f3jki z lat &#8222;dwutysi\u0119cznych&#8221; &#8211; na zdj\u0119ciu wagon 2052 z uszkodzonym jednym obwodem o\u015bwietlenia w drugim cz\u0142onie. 19.12.2008<\/p>\n","protected":false},"author":1,"featured_media":15919,"comment_status":"open","ping_status":"","sticky":false,"template":"","format":"standard","meta":{"footnotes":""},"categories":[220,120,3],"tags":[3649,309,42,154,27,454,41],"class_list":["post-15918","post","type-post","status-publish","format-standard","has-post-thumbnail","hentry","category-blo","category-rok-2008","category-tramwaj","tag-2008-12-19","tag-konstal-102na","tag-mpk-wroclaw","tag-noc","tag-polska","tag-wnetrza-pojazdow","tag-wroclaw"],"_links":{"self":[{"href":"https:\/\/wgphoto.pl\/t\/index.php?rest_route=\/wp\/v2\/posts\/15918","targetHints":{"allow":["GET"]}}],"collection":[{"href":"https:\/\/wgphoto.pl\/t\/index.php?rest_route=\/wp\/v2\/posts"}],"about":[{"href":"https:\/\/wgphoto.pl\/t\/index.php?rest_route=\/wp\/v2\/types\/post"}],"author":[{"embeddable":true,"href":"https:\/\/wgphoto.pl\/t\/index.php?rest_route=\/wp\/v2\/users\/1"}],"replies":[{"embeddable":true,"href":"https:\/\/wgphoto.pl\/t\/index.php?rest_route=%2Fwp%2Fv2%2Fcomments&post=15918"}],"version-history":[{"count":1,"href":"https:\/\/wgphoto.pl\/t\/index.php?rest_route=\/wp\/v2\/posts\/15918\/revisions"}],"predecessor-version":[{"id":15920,"href":"https:\/\/wgphoto.pl\/t\/index.php?rest_route=\/wp\/v2\/posts\/15918\/revisions\/15920"}],"wp:featuredmedia":[{"embeddable":true,"href":"https:\/\/wgphoto.pl\/t\/index.php?rest_route=\/wp\/v2\/media\/15919"}],"wp:attachment":[{"href":"https:\/\/wgphoto.pl\/t\/index.php?rest_route=%2Fwp%2Fv2%2Fmedia&parent=15918"}],"wp:term":[{"taxonomy":"category","embeddable":true,"href":"https:\/\/wgphoto.pl\/t\/index.php?rest_route=%2Fwp%2Fv2%2Fcategories&post=15918"},{"taxonomy":"post_tag","embeddable":true,"href":"https:\/\/wgphoto.pl\/t\/index.php?rest_route=%2Fwp%2Fv2%2Ftags&post=15918"}],"curies":[{"name":"wp","href":"https:\/\/api.w.org\/{rel}","templated":true}]}}