{"id":15921,"date":"2025-04-08T16:36:51","date_gmt":"2025-04-08T14:36:51","guid":{"rendered":"https:\/\/wgphoto.pl\/t\/?p=15921"},"modified":"2025-04-08T16:36:51","modified_gmt":"2025-04-08T14:36:51","slug":"rzadki-gosc","status":"publish","type":"post","link":"https:\/\/wgphoto.pl\/t\/?p=15921","title":{"rendered":"Rzadki go\u015b\u0107"},"content":{"rendered":"\n<figure class=\"wp-block-image aligncenter size-full\"><img loading=\"lazy\" decoding=\"async\" width=\"1050\" height=\"700\" src=\"https:\/\/wgphoto.pl\/t\/wp-content\/uploads\/2025\/04\/dscf7842.jpg\" alt=\"\" class=\"wp-image-15922\" srcset=\"https:\/\/wgphoto.pl\/t\/wp-content\/uploads\/2025\/04\/dscf7842.jpg 1050w, https:\/\/wgphoto.pl\/t\/wp-content\/uploads\/2025\/04\/dscf7842-300x200.jpg 300w, https:\/\/wgphoto.pl\/t\/wp-content\/uploads\/2025\/04\/dscf7842-768x512.jpg 768w\" sizes=\"auto, (max-width: 1050px) 100vw, 1050px\" \/><\/figure>\n\n\n\n<div class=\"wp-block-group has-global-padding is-layout-constrained wp-block-group-is-layout-constrained\">\n<p>W okresie Wszystkich \u015awi\u0119tych po\u0142\u0105czono w rozk\u0142adzie jazdy brygady na 17 i 9, st\u0105d te\u017c na dziewi\u0105tce pojawi\u0142o si\u0119 go\u015bcinnie kilka przegub\u00f3w, zazwyczaj tu nie zagl\u0105daj\u0105cych. Pami\u0119tam, \u017ce na dw\u00f3ch spo\u015br\u00f3d trzech p\u0119tli za\u0142o\u017cono bardzo kr\u00f3tkie, kilkuminutowe postoje (tylko na Klecinie by\u0142o chyba 20 minut), a \u015bliska szyna i niewystarczaj\u0105co \u015bmia\u0142e kr\u0119cenie korb\u0105 powodowa\u0142y kilkunastominutowe op\u00f3\u017anienia. Na zdj\u0119ciu: wagon 102Na 2060 rusza z przystanku Weigla na ulicy \u015al\u0119\u017cnej. 02.11.2008<\/p>\n<\/div>\n","protected":false},"excerpt":{"rendered":"<p>W okresie Wszystkich \u015awi\u0119tych po\u0142\u0105czono w rozk\u0142adzie jazdy brygady na 17 i 9, st\u0105d te\u017c na dziewi\u0105tce pojawi\u0142o si\u0119 go\u015bcinnie kilka przegub\u00f3w, zazwyczaj tu nie zagl\u0105daj\u0105cych. Pami\u0119tam, \u017ce na dw\u00f3ch spo\u015br\u00f3d trzech p\u0119tli za\u0142o\u017cono bardzo kr\u00f3tkie, kilkuminutowe postoje (tylko na Klecinie by\u0142o chyba 20 minut), a \u015bliska szyna i niewystarczaj\u0105co \u015bmia\u0142e kr\u0119cenie korb\u0105 powodowa\u0142y kilkunastominutowe [&hellip;]<\/p>\n","protected":false},"author":1,"featured_media":15922,"comment_status":"open","ping_status":"","sticky":false,"template":"","format":"standard","meta":{"footnotes":""},"categories":[120,3],"tags":[3184,309,42,27,41],"class_list":["post-15921","post","type-post","status-publish","format-standard","has-post-thumbnail","hentry","category-rok-2008","category-tramwaj","tag-2008-11-02","tag-konstal-102na","tag-mpk-wroclaw","tag-polska","tag-wroclaw"],"_links":{"self":[{"href":"https:\/\/wgphoto.pl\/t\/index.php?rest_route=\/wp\/v2\/posts\/15921","targetHints":{"allow":["GET"]}}],"collection":[{"href":"https:\/\/wgphoto.pl\/t\/index.php?rest_route=\/wp\/v2\/posts"}],"about":[{"href":"https:\/\/wgphoto.pl\/t\/index.php?rest_route=\/wp\/v2\/types\/post"}],"author":[{"embeddable":true,"href":"https:\/\/wgphoto.pl\/t\/index.php?rest_route=\/wp\/v2\/users\/1"}],"replies":[{"embeddable":true,"href":"https:\/\/wgphoto.pl\/t\/index.php?rest_route=%2Fwp%2Fv2%2Fcomments&post=15921"}],"version-history":[{"count":1,"href":"https:\/\/wgphoto.pl\/t\/index.php?rest_route=\/wp\/v2\/posts\/15921\/revisions"}],"predecessor-version":[{"id":15923,"href":"https:\/\/wgphoto.pl\/t\/index.php?rest_route=\/wp\/v2\/posts\/15921\/revisions\/15923"}],"wp:featuredmedia":[{"embeddable":true,"href":"https:\/\/wgphoto.pl\/t\/index.php?rest_route=\/wp\/v2\/media\/15922"}],"wp:attachment":[{"href":"https:\/\/wgphoto.pl\/t\/index.php?rest_route=%2Fwp%2Fv2%2Fmedia&parent=15921"}],"wp:term":[{"taxonomy":"category","embeddable":true,"href":"https:\/\/wgphoto.pl\/t\/index.php?rest_route=%2Fwp%2Fv2%2Fcategories&post=15921"},{"taxonomy":"post_tag","embeddable":true,"href":"https:\/\/wgphoto.pl\/t\/index.php?rest_route=%2Fwp%2Fv2%2Ftags&post=15921"}],"curies":[{"name":"wp","href":"https:\/\/api.w.org\/{rel}","templated":true}]}}