{"id":15924,"date":"2025-04-08T16:37:36","date_gmt":"2025-04-08T14:37:36","guid":{"rendered":"https:\/\/wgphoto.pl\/t\/?p=15924"},"modified":"2025-04-08T16:37:36","modified_gmt":"2025-04-08T14:37:36","slug":"siedemnastka-przy-dworcu","status":"publish","type":"post","link":"https:\/\/wgphoto.pl\/t\/?p=15924","title":{"rendered":"Siedemnastka przy dworcu"},"content":{"rendered":"\n<figure class=\"wp-block-image aligncenter size-full\"><img loading=\"lazy\" decoding=\"async\" width=\"1050\" height=\"700\" src=\"https:\/\/wgphoto.pl\/t\/wp-content\/uploads\/2025\/04\/dscf7823.jpg\" alt=\"\" class=\"wp-image-15925\" srcset=\"https:\/\/wgphoto.pl\/t\/wp-content\/uploads\/2025\/04\/dscf7823.jpg 1050w, https:\/\/wgphoto.pl\/t\/wp-content\/uploads\/2025\/04\/dscf7823-300x200.jpg 300w, https:\/\/wgphoto.pl\/t\/wp-content\/uploads\/2025\/04\/dscf7823-768x512.jpg 768w\" sizes=\"auto, (max-width: 1050px) 100vw, 1050px\" \/><\/figure>\n\n\n\n<div class=\"wp-block-group has-global-padding is-layout-constrained wp-block-group-is-layout-constrained\">\n<p>Wagonu 2018 ani linii 17 w tym miejscu ju\u017c nie spotkamy. &#8222;Ma\u0142\u0105 architektur\u0119&#8221; na peronie (niebiesk\u0105 \u0142awk\u0119, zielony kosz na \u015bmieci, biletomat Merony) poddano pewnym modyfikacjom, a budynek dworca gruntownie wyremontowano. Jedynie sam uk\u0142ad ulicy i skrzy\u017cowania pozosta\u0142 bez zmian. 02.11.2008<\/p>\n<\/div>\n","protected":false},"excerpt":{"rendered":"<p>Wagonu 2018 ani linii 17 w tym miejscu ju\u017c nie spotkamy. &#8222;Ma\u0142\u0105 architektur\u0119&#8221; na peronie (niebiesk\u0105 \u0142awk\u0119, zielony kosz na \u015bmieci, biletomat Merony) poddano pewnym modyfikacjom, a budynek dworca gruntownie wyremontowano. Jedynie sam uk\u0142ad ulicy i skrzy\u017cowania pozosta\u0142 bez zmian. 02.11.2008<\/p>\n","protected":false},"author":1,"featured_media":15925,"comment_status":"open","ping_status":"","sticky":false,"template":"","format":"standard","meta":{"footnotes":""},"categories":[120,3],"tags":[3184,309,42,27,41,180],"class_list":["post-15924","post","type-post","status-publish","format-standard","has-post-thumbnail","hentry","category-rok-2008","category-tramwaj","tag-2008-11-02","tag-konstal-102na","tag-mpk-wroclaw","tag-polska","tag-wroclaw","tag-wroclaw-glowny"],"_links":{"self":[{"href":"https:\/\/wgphoto.pl\/t\/index.php?rest_route=\/wp\/v2\/posts\/15924","targetHints":{"allow":["GET"]}}],"collection":[{"href":"https:\/\/wgphoto.pl\/t\/index.php?rest_route=\/wp\/v2\/posts"}],"about":[{"href":"https:\/\/wgphoto.pl\/t\/index.php?rest_route=\/wp\/v2\/types\/post"}],"author":[{"embeddable":true,"href":"https:\/\/wgphoto.pl\/t\/index.php?rest_route=\/wp\/v2\/users\/1"}],"replies":[{"embeddable":true,"href":"https:\/\/wgphoto.pl\/t\/index.php?rest_route=%2Fwp%2Fv2%2Fcomments&post=15924"}],"version-history":[{"count":1,"href":"https:\/\/wgphoto.pl\/t\/index.php?rest_route=\/wp\/v2\/posts\/15924\/revisions"}],"predecessor-version":[{"id":15926,"href":"https:\/\/wgphoto.pl\/t\/index.php?rest_route=\/wp\/v2\/posts\/15924\/revisions\/15926"}],"wp:featuredmedia":[{"embeddable":true,"href":"https:\/\/wgphoto.pl\/t\/index.php?rest_route=\/wp\/v2\/media\/15925"}],"wp:attachment":[{"href":"https:\/\/wgphoto.pl\/t\/index.php?rest_route=%2Fwp%2Fv2%2Fmedia&parent=15924"}],"wp:term":[{"taxonomy":"category","embeddable":true,"href":"https:\/\/wgphoto.pl\/t\/index.php?rest_route=%2Fwp%2Fv2%2Fcategories&post=15924"},{"taxonomy":"post_tag","embeddable":true,"href":"https:\/\/wgphoto.pl\/t\/index.php?rest_route=%2Fwp%2Fv2%2Ftags&post=15924"}],"curies":[{"name":"wp","href":"https:\/\/api.w.org\/{rel}","templated":true}]}}